{"id":1199,"date":"2026-03-18T10:05:08","date_gmt":"2026-03-18T10:05:08","guid":{"rendered":"https:\/\/ilrid.org\/?p=1199"},"modified":"2026-03-18T10:21:58","modified_gmt":"2026-03-18T10:21:58","slug":"dove-e-stata-girata-estranei-la-nuova-fiction-di-rai-2","status":"publish","type":"post","link":"https:\/\/ilrid.org\/?p=1199","title":{"rendered":"Dove \u00e8 stata girata &#8220;Estranei&#8221;, la nuova fiction di Rai 2"},"content":{"rendered":"<div class=\"news-full__body\">\n<div class=\"field-text-formatted field field--name-body field--type-text-with-summary field--label-hidden field__item\">\n<p data-mrf-recirculation=\"[Article] Inline paragraph\"><strong>\u201c<\/strong>Estranei<strong>\u201d<\/strong>, la nuova serie crime di Rai Fiction, \u00e8 in onda su Rai 2 da mercoled\u00ec 19 novembre. ha conquistato il pubblico non solo per la trama avvincente, ma anche per le sue suggestive ambientazioni. Grazie alla collaborazione con la Friuli Venezia Giulia Film Commission e con enti locali dell\u2019Emilia-Romagna, \u201cEstranei\u201d ha potuto sfruttare una variet\u00e0 di location che spaziano dai quartieri storici alle zone industriali, dai borghi caratteristici alle aree verdi. Scopri, quindi, tutte le location\u00a0<strong>dove \u00e8 stato girato Estranei<\/strong>, la nuova fiction di Rai 2.<\/p>\n<h2 id=\"ecef6135efefcf1db9f5ef3e1b4dbe8b3\">Le regioni protagoniste: Emilia-Romagna e Friuli Venezia Giulia<\/h2>\n<p data-mrf-recirculation=\"[Article] Inline paragraph\">L\u2019ambientazione della fiction &#8220;Estranei&#8221; riflette la volont\u00e0 di raccontare l\u2019Italia contemporanea attraverso luoghi reali, a volte poco esplorati dal grande schermo. Le citt\u00e0 e i paesi scelti sono stati selezionati per la presenza di comunit\u00e0 che rappresentano la\u00a0<strong>diversit\u00e0 sociale\u00a0<\/strong>del nostro Paese.<\/p>\n<p data-mrf-recirculation=\"[Article] Inline paragraph\">Le riprese si sono dislocate tra due regioni italiane, il Friuli Venezia Giuli e l&#8217;Emilia Romagna.<\/p>\n<div class=\"media-image\">\n<div class=\"field field--name-field-media-image field--type-image field--label-hidden field__item\">\n<article class=\"media-image\"><picture><img fetchpriority=\"high\" decoding=\"async\" src=\"https:\/\/st3.idealista.it\/news\/archivie\/styles\/fullwidth_xl\/public\/2025-11\/images\/gettyimages-1761959346.jpg?VersionId=P.NVtJFYjMcPgGAr4MLCWuaSDwlYl4mq&amp;h=4f58558c&amp;itok=Dps2tzm0\" alt=\"dove \u00e8 stato girato estranei\" width=\"1200\" height=\"600\" data-title=\"dove \u00e8 stato girato estranei\" \/><\/picture>\n<div class=\"media-image__info\"><\/div>\n<\/article>\n<\/div>\n<div class=\"media-image__info\"><span class=\"field__item media-image__caption\">Elena Radonicich<\/span><span class=\"field__item media-image__copyright\">Getty images<\/span><\/div>\n<\/div>\n<h3 id=\"ef59956f920f1825ebeaf36c3d3f516a7\">Emilia-Romagna: cuore narrativo e sociale della serie<\/h3>\n<p data-mrf-recirculation=\"[Article] Inline paragraph\">L\u2019Emilia-Romagna \u00e8 il fulcro narrativo della serie: le riprese si sono svolte in citt\u00e0 come\u00a0<strong>Correggio<\/strong>, Carpi, Reggio Emilia,\u00a0<strong>Parma<\/strong>, Novellara e Rio Saliceto, scelte per il loro fascino urbano e per la presenza significativa della comunit\u00e0 Sikh, una delle pi\u00f9 numerose d\u2019Europa.<\/p>\n<p data-mrf-recirculation=\"[Article] Inline paragraph\">Ogni location rappresenta la complessit\u00e0 sociale dell\u2019Emilia-Romagna, utile ad evidenziare e a fare da sfondo all&#8217;intreccio e alla trama.<\/p>\n<div class=\"media-image\">\n<div class=\"field field--name-field-media-image field--type-image field--label-hidden field__item\">\n<article class=\"media-image\"><picture><img decoding=\"async\" src=\"https:\/\/st3.idealista.it\/news\/archivie\/styles\/fullwidth_xl\/public\/2025-11\/images\/2048px-correggio_-_centro_storico.jpg?VersionId=I3ebXw7XEtkSj7LoMFxWyMZkZFgXr7w4&amp;h=45c024bf&amp;itok=cU30dLVU\" alt=\"dove \u00e8 stato girato estranei\" width=\"1200\" height=\"600\" data-title=\"dove \u00e8 stato girato estranei\" \/><\/picture>\n<div class=\"media-image__info\"><\/div>\n<\/article>\n<\/div>\n<\/div>\n<h3 id=\"e47fbd7e1af8ef827f1a4bf19fcaeff8c\">Friuli Venezia Giulia: Udine e dintorni<\/h3>\n<p data-mrf-recirculation=\"[Article] Inline paragraph\">Il Friuli Venezia Giulia offre invece un\u2019atmosfera diversa: Udine \u00e8 stata una delle principali location\u00a0<strong>dove \u00e8 stato girato Estranei<\/strong>, con numerose scene ambientate in vie caratteristiche come via Viola, via Magrini, via Gorgo, via della Rosta, via Villalta, via Baldissera e via Castellana.<\/p>\n<ul>\n<li><strong>Udine<\/strong>\u00a0ha ospitato le riprese in diversi quartieri.<\/li>\n<li>L\u2019<strong>ex ospedale psichiatrico\u00a0<\/strong>di via Pozzuolo \u00e8 stato trasformato in un vero polo produttivo: ribattezzato \u201c<strong>Cinecitt\u00e0 friulana<\/strong>\u201d, ha ospitato interni ed esterni.<\/li>\n<li>Fra le altre location suggestive spiccano il cimitero militare inglese di Adegliacco (Tavagnacco),\u00a0Cividale del Friuli\u00a0\u2013 con il suo patrimonio storico di cose da vedere \u2013 e la scenografica\u00a0<strong>Piazza Unit\u00e0 d\u2019Italia a Trieste<\/strong>, che aggiunge un tocco internazionale alle riprese.<\/li>\n<\/ul>\n<p data-mrf-recirculation=\"[Article] Inline paragraph\">Se cerchi un&#8217;opportunit\u00e0 immobiliare in questa bellissima regione di confine, guarda gli annunci di idealista:<\/p>\n<ul>\n<li>Case in vendita in Friuli Venezia Giulia<\/li>\n<li>Case in affitto in Friuli Venezia Giulia<\/li>\n<li>Case vacanza in Friuli Venezia Giulia&nbsp;\n<p><!--nextpage--><\/li>\n<\/ul>\n<div class=\"media-image\">\n<div class=\"field field--name-field-media-image field--type-image field--label-hidden field__item\">\n<article class=\"media-image\"><picture><img decoding=\"async\" src=\"https:\/\/st3.idealista.it\/news\/archivie\/styles\/fullwidth_xl\/public\/2025-11\/images\/2048px-correggio_-_centro_storico.jpg?VersionId=I3ebXw7XEtkSj7LoMFxWyMZkZFgXr7w4&amp;h=45c024bf&amp;itok=cU30dLVU\" alt=\"dove \u00e8 stato girato estranei\" width=\"1200\" height=\"600\" data-title=\"dove \u00e8 stato girato estranei\" \/><\/picture><\/article>\n<article>\n<div class=\"news-full__body\">\n<div class=\"field-text-formatted field field--name-body field--type-text-with-summary field--label-hidden field__item\">\n<p>&nbsp;<\/p>\n<\/div>\n<\/div>\n<div class=\"field field--name-field-image-gallery field--type-entity-reference field--label-hidden field__items news-full__gallery\">\n<div class=\"field__item\"><\/div>\n<\/div>\n<\/article>\n<\/div>\n<\/div>\n<h2 id=\"eb598ee3c699085b4d34004ec4f9a64fe\"><strong>La trama di \u201cEstranei\u201d, la serie tv di Rai 2<\/strong><\/h2>\n<p data-mrf-recirculation=\"[Article] Inline paragraph\">In una tranquilla cittadina di provincia dell\u2019Emilia-Romagna una notte qualunque viene ritrovato un uomo senza memoria n\u00e9 documenti, con un\u2019unica cicatrice a testimonianza di un passato misterioso. Nel delirio, riesce a sussurrare soltanto: \u00abNon fidarti di nessuno\u00bb. L\u2019<strong>ispettrice<\/strong>\u00a0incaricata del caso \u2014 una donna tenace, segnata da ferite private \u2014 si immerge nella ricerca della sua identit\u00e0.<\/p>\n<p data-mrf-recirculation=\"[Article] Inline paragraph\">Pi\u00f9 scava, pi\u00f9 capisce che tutto \u00e8 connesso: testimoni che raccontano versioni contraddittorie, volti familiari che sembrano indossare maschere, segreti che esplodono. Tra\u00a0<strong>tensioni culturali\u00a0<\/strong>radicate in una comunit\u00e0 con forti tradizioni, emerge una verit\u00e0 inquietante.<\/p>\n<div class=\"media-image\">\n<div class=\"field field--name-field-media-image field--type-image field--label-hidden field__item\">\n<article class=\"media-image\"><picture><img decoding=\"async\" src=\"https:\/\/st3.idealista.it\/news\/archivie\/styles\/fullwidth_xl\/public\/2025-11\/images\/gettyimages-2216756538.jpg?VersionId=kCRjh.RtKjZQj0RMIiJKjgPA1QztF5pl&amp;h=c2a553f5&amp;itok=PXeYecvG\" alt=\"dove \u00e8 stato girato estranei\" width=\"1200\" height=\"600\" data-title=\"dove \u00e8 stato girato estranei\" \/><\/picture>\n<div class=\"media-image__info\"><\/div>\n<\/article>\n<\/div>\n<\/div>\n<h2 id=\"e484b299d098f9e8476d828e5323e1b59\">Cast, regia e tematiche<\/h2>\n<p data-mrf-recirculation=\"[Article] Inline paragraph\">La serie Rai \u00e8 un\u2019opera crime molto attesa, con un cast ricco di talento ed \u00e8 co-prodotta da Rai Fiction, Eagle Original Content e Rai Com.<\/p>\n<ul>\n<li><strong>Regia<\/strong>: la fiction \u00e8 diretta da\u00a0<strong>Cosimo Alem\u00e0<\/strong>.<\/li>\n<li><strong>Cast<\/strong>: tra gli interpreti principali ci sono\u00a0<strong>Elena Radonicich<\/strong>,\u00a0<strong>Ricky Memphis<\/strong>, Marco Cocci, Kelum \u201cKel\u201d Giordano, Maurizio Donadoni, Eleonora Giovanardi, con la partecipazione di\u00a0<strong>Giulio Scarpati<\/strong>\u00a0e\u00a0<strong>Isabella Ferrari<\/strong>.<\/li>\n<li><strong>Anteprima e messa in onda<\/strong>: 19 novembre,\u00a0<strong>Rai 2.<\/strong><\/li>\n<li><strong>Numero puntate<\/strong>: 8 (4 prime serate).<\/li>\n<li><strong>Anno di produzione<\/strong>: 2025.<\/li>\n<li><strong>Temi<\/strong>: \u201cEstranei\u201d affronta tematiche profonde come l\u2019integrazione, i pregiudizi culturali, il conflitto identitario e la tensione tra comunit\u00e0.<\/li>\n<\/ul>\n<\/div>\n<\/div>\n<div class=\"field field--name-field-image-gallery field--type-entity-reference field--label-hidden field__items news-full__gallery\">\n<div class=\"field__item\">\n<article class=\"media-image\"><picture><img loading=\"lazy\" decoding=\"async\" src=\"https:\/\/st3.idealista.it\/news\/archivie\/styles\/fullwidth_xl\/public\/2025-11\/images\/2048px-trieste_28947281422.jpg?VersionId=bNkwTVKAOhWyhodsuj_yc76uBvmwZvqF&amp;h=353d44d8&amp;itok=UMhIyos4\" alt=\"dove \u00e8 stato girato estranei\" width=\"1200\" height=\"600\" data-title=\"dove \u00e8 stato girato estranei\" data-caption=\"Trieste - Nick Savchenko from Kiev, Ukraine, CC BY-SA 2.0 \" data-copyright=\"Wikimedia commons\" \/><\/picture>\n<div class=\"media-image__info\"><\/div>\n<\/article>\n<\/div>\n<\/div>\n","protected":false},"excerpt":{"rendered":"<p>\u201cEstranei\u201d, la nuova serie crime di Rai Fiction, \u00e8 in onda su Rai 2 da mercoled\u00ec 19 novembre. ha conquistato il pubblico non solo per la trama avvincente, ma anche&hellip;<\/p>\n","protected":false},"author":2,"featured_media":1200,"comment_status":"open","ping_status":"open","sticky":false,"template":"","format":"standard","meta":{"footnotes":""},"categories":[1],"tags":[],"class_list":["post-1199","post","type-post","status-publish","format-standard","has-post-thumbnail","hentry","category-uncategorized"],"_links":{"self":[{"href":"https:\/\/ilrid.org\/index.php?rest_route=\/wp\/v2\/posts\/1199","targetHints":{"allow":["GET"]}}],"collection":[{"href":"https:\/\/ilrid.org\/index.php?rest_route=\/wp\/v2\/posts"}],"about":[{"href":"https:\/\/ilrid.org\/index.php?rest_route=\/wp\/v2\/types\/post"}],"author":[{"embeddable":true,"href":"https:\/\/ilrid.org\/index.php?rest_route=\/wp\/v2\/users\/2"}],"replies":[{"embeddable":true,"href":"https:\/\/ilrid.org\/index.php?rest_route=%2Fwp%2Fv2%2Fcomments&post=1199"}],"version-history":[{"count":5,"href":"https:\/\/ilrid.org\/index.php?rest_route=\/wp\/v2\/posts\/1199\/revisions"}],"predecessor-version":[{"id":1211,"href":"https:\/\/ilrid.org\/index.php?rest_route=\/wp\/v2\/posts\/1199\/revisions\/1211"}],"wp:featuredmedia":[{"embeddable":true,"href":"https:\/\/ilrid.org\/index.php?rest_route=\/wp\/v2\/media\/1200"}],"wp:attachment":[{"href":"https:\/\/ilrid.org\/index.php?rest_route=%2Fwp%2Fv2%2Fmedia&parent=1199"}],"wp:term":[{"taxonomy":"category","embeddable":true,"href":"https:\/\/ilrid.org\/index.php?rest_route=%2Fwp%2Fv2%2Fcategories&post=1199"},{"taxonomy":"post_tag","embeddable":true,"href":"https:\/\/ilrid.org\/index.php?rest_route=%2Fwp%2Fv2%2Ftags&post=1199"}],"curies":[{"name":"wp","href":"https:\/\/api.w.org\/{rel}","templated":true}]}}