{"id":1202,"date":"2026-03-18T10:08:23","date_gmt":"2026-03-18T10:08:23","guid":{"rendered":"https:\/\/ilrid.org\/?p=1202"},"modified":"2026-03-18T10:20:18","modified_gmt":"2026-03-18T10:20:18","slug":"celebrita-ieri-e-oggi-scopri-come-sono-diventate-e-cosa-fanno","status":"publish","type":"post","link":"https:\/\/ilrid.org\/?p=1202","title":{"rendered":"Celebrit\u00e0 ieri e oggi: scopri come sono diventate e cosa fanno"},"content":{"rendered":"<h1><strong>Rita Pavone \u2013 77 anni<\/strong><\/h1>\n<p class=\"f-img\">Sono gi\u00e0 75 candeline per Rita Pavone. Ce la ricordiamo saltellante e piena di energia sui palchi mentre cantava dei brani che sono passati poi nella storia musicale italiana. Ancora ricordiamo quando la folla gridava allo scandalo per la sua storia con Teddy Reno, pi\u00f9 grande di lei di molti anni, con cui in realt\u00e0 ha avuto poi una relazione stabile e duratura, tanto che sono tutt\u2019oggi insieme. Rita ad un certo punto ha lasciato l\u2019Italia per vivere in Svizzera in un\u2019amena localit\u00e0 con vista sulle Alpi. Qui sono cresciuti i suoi figli e qui ha spostato anche la sua casa di produzione. Bench\u00e9 torni saltuariamente in Italia per qualche comparsata in televisione, in realt\u00e0 Rita ama la localit\u00e0 in cui si \u00e8 scelta e dove ti sta trascorrendo la sua vecchiaia.<\/p>\n<div id=\"omg-onePager-content\">\n<div id=\"section-1\" class=\"omg-onepager-section total-paragraphs-1 fs-sec-used\">\n<h2>Alessia Mertz \u2013 48 anni<\/h2>\n<figure class=\"img-wrapper\"><img fetchpriority=\"high\" decoding=\"async\" class=\"alignnone size-full wp-image-49775\" src=\"https:\/\/fabpop.net\/wp-content\/uploads\/2022\/07\/Alessia-Mertz.jpg\" sizes=\"(max-width: 728px) 100vw, 728px\" srcset=\"https:\/\/fabpop.net\/wp-content\/uploads\/2022\/07\/Alessia-Mertz.jpg 728w, https:\/\/fabpop.net\/wp-content\/uploads\/2022\/07\/Alessia-Mertz-300x200.jpg 300w\" alt=\"\" width=\"728\" height=\"485\" \/><\/figure>\n<p>Ci siamo chiesti spesso dove sia andata a finire Alessia Merz, popolare stellina di Non \u00e8 la Rai che impazzava negli anni \u201990 su Canale 5 deliziando soprattutto il pubblico maschile. Fisico statuario, occhi chiari e una cascata di capelli corvini. Dopo l\u2019esperienza al suddetto programma di Boncompagni la Merz lavor\u00f2 come velina mora di Striscia la Notizia riscuotendo un immenso successo che seguit\u00f2 anche per tutto il resto degli anni \u201990 e parte del Duemila. L\u2019incontro con Fabio Bazzani le cambi\u00f2 la vita perch\u00e9 nel 2005 i due convolarono a nozze diventando genitori di Niccol\u00f2 e Matilde, per cui la showgirl decise di tirare un po\u2019 i remi in barca con gli appuntamenti di lavoro per potersi dedicare felicemente alla sua famiglia.<\/p>\n<\/div>\n<div id=\"section-2\" class=\"omg-onepager-section total-paragraphs-1 fs-sec-used\">\n<h2>Lorella Cuccarini \u2013 57 anni<\/h2>\n<figure class=\"img-wrapper\"><img decoding=\"async\" class=\"alignnone size-full wp-image-54762\" src=\"https:\/\/fabpop.net\/wp-content\/uploads\/2022\/09\/lorella-cuccarini.jpg\" sizes=\"(max-width: 728px) 100vw, 728px\" srcset=\"https:\/\/fabpop.net\/wp-content\/uploads\/2022\/09\/lorella-cuccarini.jpg 728w, https:\/\/fabpop.net\/wp-content\/uploads\/2022\/09\/lorella-cuccarini-300x200.jpg 300w\" alt=\"\" width=\"728\" height=\"485\" \/><\/figure>\n<p>Lorella Cuccarini a \u00e9t\u00e9 r\u00e9v\u00e9l\u00e9e \u00e0 la t\u00e9l\u00e9vision italienne alors qu\u2019elle avait encore la vingtaine en rejoignant l\u2019\u00e9mission \u00ab Fantastico \u00bb avec Pippo Baudo. Bien des ann\u00e9es se sont \u00e9coul\u00e9es depuis cette \u00e9poque, Lorella semble avoir conserv\u00e9 toute la jeunesse de ses premiers pas sur le petit \u00e9cran.<br \/>\nElle n\u2019a pas d\u2019ailleurs eu besoin de recourir \u00e0 la chirurgie plastique ou aux injections de Botox pour avoir une mine aussi \u00e9panouie \u00e0 son \u00e2ge. Elle doit surtout la long\u00e9vit\u00e9 de ses traits \u00e0 l\u2019utilisation de l\u2019huile de castor pour sa routine de soin facial, laquelle ne lui co\u00fbte souvent que quelques euros.<\/p>\n<p>&nbsp;<\/p>\n<p><!--nextpage--><\/p>\n<\/div>\n<div id=\"section-3\" class=\"omg-onepager-section total-paragraphs-1 fs-sec-used\">\n<h2>Miriana Trevisan \u2013 50 anni<\/h2>\n<figure class=\"img-wrapper\"><img decoding=\"async\" class=\"alignnone size-full wp-image-49776\" src=\"https:\/\/fabpop.net\/wp-content\/uploads\/2022\/07\/Miriana-Trevisan.jpg\" sizes=\"(max-width: 728px) 100vw, 728px\" srcset=\"https:\/\/fabpop.net\/wp-content\/uploads\/2022\/07\/Miriana-Trevisan.jpg 728w, https:\/\/fabpop.net\/wp-content\/uploads\/2022\/07\/Miriana-Trevisan-300x200.jpg 300w\" alt=\"\" width=\"728\" height=\"485\" \/><\/figure>\n<p>Negli anni \u201990 Miriana Trevisan spopolava nel noto programma di Boncompagni Non \u00e8 la Rai, di cui era una delle ragazze pi\u00f9 ammirate. Subito dopo \u00e8 diventata la velina mora di Striscia la Notizia riscuotendo enorme successo in tutta Italia. La Trevisan si \u00e8 poi cimentata come conduttrice di trasmissioni come Paperissima Sprint e la Corrida, nonch\u00e9 \u00e8 stata la valletta di Mike Bongiorno ne La Ruota della Fortuna. Dopo gli anni Duemila la bella showgirl napoletana ha diradato i suoi impegni televisivi nonostante qualche ospitata come opinionista e come concorrente di reality al Grande Fratello Vip. Negli ultimi anni infatti Miriana ha scritto alcuni racconti per bambini e un romanzo, La Donna Bonsai. La Trevisan \u00e8 stata sposata con il cantante Pago da cui ha avuto il figlio Nicola.<\/p>\n<\/div>\n<div id=\"section-4\" class=\"omg-onepager-section total-paragraphs-1 fs-sec-used\">\n<h2>Caterina Balivo \u2013 43 anni<\/h2>\n<figure class=\"img-wrapper\"><img loading=\"lazy\" decoding=\"async\" class=\"alignnone size-full wp-image-31167\" src=\"https:\/\/fabpop.net\/wp-content\/uploads\/2021\/07\/Caterina-Balivo-%E2%80%93-41-anni.jpg\" sizes=\"(max-width: 728px) 100vw, 728px\" srcset=\"https:\/\/fabpop.net\/wp-content\/uploads\/2021\/07\/Caterina-Balivo-\u2013-41-anni.jpg 728w, https:\/\/fabpop.net\/wp-content\/uploads\/2021\/07\/Caterina-Balivo-\u2013-41-anni-300x200.jpg 300w\" alt=\"\" width=\"728\" height=\"485\" \/><\/figure>\n<p>Caterina si \u00e8 fatta notare quando partecip\u00f2 al concorso di Miss Italia, ma se qualcuno crede che la Balivo sia la classica bella senz\u2019anima si sbaglia di grosso. Caterina ha studiato e si \u00e8 preparata con grande seriet\u00e0 ed ora \u00e8 una delle conduttrici pi\u00f9 amate della nostra televisione. Il suo programma Vieni da Me \u00e8 seguitissimo e non potrebbe essere altrimenti vista la sua spontaneit\u00e0 e la sua bellezza. Se paragonate la sua foto di oggi a quella di quando concorse per Miss Italia noterete ben poche differenze.<\/p>\n<\/div>\n<div id=\"section-5\" class=\"omg-onepager-section total-paragraphs-1 fs-sec-used\">\n<h2>Pauley Perrette\u2013 54 anni<\/h2>\n<figure class=\"img-wrapper\"><img loading=\"lazy\" decoding=\"async\" class=\"alignnone size-full wp-image-31166\" src=\"https:\/\/fabpop.net\/wp-content\/uploads\/2021\/07\/Pauley-Perrette%E2%80%93-52-anni.jpg\" sizes=\"(max-width: 728px) 100vw, 728px\" srcset=\"https:\/\/fabpop.net\/wp-content\/uploads\/2021\/07\/Pauley-Perrette\u2013-52-anni.jpg 728w, https:\/\/fabpop.net\/wp-content\/uploads\/2021\/07\/Pauley-Perrette\u2013-52-anni-300x200.jpg 300w\" alt=\"\" width=\"728\" height=\"485\" \/><\/figure>\n<p>Per 15 anni, l\u2019attrice Pauley Perrette \u00e8 stata una presenza fissa sul piccolo schermo nei panni dell\u2019esuberante goth di NCIS, Abby Sciuto. Fino alla sua partenza dallo spettacolo nel 2018, \u00e8 apparsa in ogni singolo episodio del dramma criminale della CBS. Ma solo un paio di anni dopo la sua partenza, la 52enne nativa di New Orleans ha deciso di smettere del tutto di recitare e ha annunciato il suo ritiro. L\u2019ex Abby Sciuto si sta chiaramente godendo la vita in pensione e spesso si confronta con i suoi fan tramite il suo feed Twitter. Passa un sacco di tempo con i suoi cani da salvataggio e di recente ha sfoggiato una bella pettinatura tie-dye.<\/p>\n<\/div>\n<div id=\"section-6\" class=\"omg-onepager-section total-paragraphs-1 fs-sec-used\">\n<h2>Matilde Brandi \u2013 54 anni<\/h2>\n<figure class=\"img-wrapper\"><img loading=\"lazy\" decoding=\"async\" class=\"alignnone size-full wp-image-31165\" src=\"https:\/\/fabpop.net\/wp-content\/uploads\/2021\/07\/Matilde-Brandi-.jpg\" sizes=\"(max-width: 728px) 100vw, 728px\" srcset=\"https:\/\/fabpop.net\/wp-content\/uploads\/2021\/07\/Matilde-Brandi-.jpg 728w, https:\/\/fabpop.net\/wp-content\/uploads\/2021\/07\/Matilde-Brandi--300x200.jpg 300w\" alt=\"\" width=\"728\" height=\"485\" \/><\/figure>\n<p>Matilde non ha vinto l\u2019ultima edizione del GF VIP e nemmeno ci \u00e8 andata vicina, ma \u00e8 sicuramente stata una delle sorprese dell\u2019ultima edizione. Si pu\u00f2 dire che Matilde sia stata fatta fuori perch\u00e9 molti temevano il suo carattere forte e perch\u00e9 no, anche la sua bellezza, visto che gli anni da ballerina le hanno fornito un fisico a 51 anni che farebbe invidia a molte ragazze di 35. Matilde si sta poco a poco rilanciando e la vediamo apparire sempre di pi\u00f9 in alcuni programmi televisivi nei panni di opinionista.<\/p>\n<\/div>\n<div id=\"section-7\" class=\"omg-onepager-section total-paragraphs-1 fs-sec-used\">\n<h2>Myriam Catania \u2013 43 anni<\/h2>\n<figure class=\"img-wrapper\"><img loading=\"lazy\" decoding=\"async\" class=\"alignnone size-full wp-image-31164\" src=\"https:\/\/fabpop.net\/wp-content\/uploads\/2021\/07\/Myriam-Catania-%E2%80%93-42-anni.jpg\" sizes=\"(max-width: 728px) 100vw, 728px\" srcset=\"https:\/\/fabpop.net\/wp-content\/uploads\/2021\/07\/Myriam-Catania-\u2013-42-anni.jpg 728w, https:\/\/fabpop.net\/wp-content\/uploads\/2021\/07\/Myriam-Catania-\u2013-42-anni-300x200.jpg 300w\" alt=\"\" width=\"728\" height=\"485\" \/><\/figure>\n<p>Anche in questo caso il nome potrebbe dirvi poco e per noi risulta difficile farvi capire di chi stiamo parlando, perch\u00e9 dovremmo farvi ascoltare la sua voce! Myriam infatti \u00e8 una doppiatrice di grandissimo talento che ha doppiato alcune delle pi\u00f9 famose attrici hollywoodiane. Ve ne citiamo alcune : Anna Paquin , Mary Elizabeth Winstead , Olivia Wilde , Alexis Bledel ,Malin \u00c5kerman, Keira Knightley , Amanda Seyfried e Jessica Alba. Impressionante vero? Myriam per\u00f2 \u00e8 anche bellissima e per questo \u00e8 la moglie di Luca Argentero!<\/p>\n<p>&nbsp;<\/p>\n<p><!--nextpage--><\/p>\n<\/div>\n<div id=\"section-8\" class=\"omg-onepager-section total-paragraphs-1 fs-sec-used\">\n<h2>Elena Santarelli \u2013 41 anni<\/h2>\n<figure class=\"img-wrapper\"><img loading=\"lazy\" decoding=\"async\" class=\"alignnone size-full wp-image-31234\" src=\"https:\/\/fabpop.net\/wp-content\/uploads\/2021\/07\/Elena-Santarelli.jpg\" sizes=\"(max-width: 728px) 100vw, 728px\" srcset=\"https:\/\/fabpop.net\/wp-content\/uploads\/2021\/07\/Elena-Santarelli.jpg 728w, https:\/\/fabpop.net\/wp-content\/uploads\/2021\/07\/Elena-Santarelli-300x200.jpg 300w\" alt=\"\" width=\"728\" height=\"485\" \/><\/figure>\n<p>Madre coraggio sarebbe un modo adatto di chiamare la fantastica Elena Santarelli. L\u2019ex showgirl che ora sta piano piano tornando a farsi vedere in televisione, ha lasciato la carriera per dedicarsi completamente a suo figlio Giacomo, il bambino avuto da suo marito Corradi, ex calciatore di Serie A. Il bimbo aveva infatti un bruttissimo male, un tumore al cervello che avrebbe potuto stroncarlo ma grazie alla sua forza e all\u2019amore dei genitori ha superato tutto. Ed Elena, nonostante il brutto momento, \u00e8 rimasta ancora bellissima.<\/p>\n<\/div>\n<div id=\"section-9\" class=\"omg-onepager-section total-paragraphs-1 fs-sec-used\">\n<h2>Launa Borgia\u2013 55 anni<\/h2>\n<figure class=\"img-wrapper\"><img loading=\"lazy\" decoding=\"async\" class=\"alignnone size-full wp-image-31119\" src=\"https:\/\/fabpop.net\/wp-content\/uploads\/2021\/07\/Launa-Borgia%E2%80%93-53-anni.jpg\" sizes=\"(max-width: 728px) 100vw, 728px\" srcset=\"https:\/\/fabpop.net\/wp-content\/uploads\/2021\/07\/Launa-Borgia\u2013-53-anni.jpg 728w, https:\/\/fabpop.net\/wp-content\/uploads\/2021\/07\/Launa-Borgia\u2013-53-anni-300x200.jpg 300w\" alt=\"\" width=\"728\" height=\"485\" \/><\/figure>\n<p>Molti la ricorderanno per essere una delle pi\u00f9 famose attrici di film per adulti. La cosa incredibile di Luana \u00e8 che il suo fisico \u00e8 ancora superiore a livello di forma e bellezza a quello di alcune ragazze pi\u00f9 giovani: cosa davvero rimarchevole. Nella sua carriera Luana ha lavorato in pi\u00f9 di 100 film, ma questo \u00e8 il passato, in quanto ora si \u00e8 ritirata dal settore e si occupa di altro. La si pu\u00f2 incontrare in chat con i fan a cui si dedica delle volte. Sicuramente vista la sua bellezza ha continuato ad allenarsi duramente in palestra, se no non si spiegherebbe il suo fisico statuario. Complimenti!<\/p>\n<\/div>\n<div id=\"section-10\" class=\"omg-onepager-section total-paragraphs-1 fs-sec-used\">\n<h2>Elisabetta Isoardi \u2013 40 anni<\/h2>\n<figure class=\"img-wrapper\"><img loading=\"lazy\" decoding=\"async\" class=\"alignnone size-full wp-image-31118\" src=\"https:\/\/fabpop.net\/wp-content\/uploads\/2021\/07\/Elisabetta-Isoardi.jpg\" sizes=\"(max-width: 728px) 100vw, 728px\" srcset=\"https:\/\/fabpop.net\/wp-content\/uploads\/2021\/07\/Elisabetta-Isoardi.jpg 728w, https:\/\/fabpop.net\/wp-content\/uploads\/2021\/07\/Elisabetta-Isoardi-300x200.jpg 300w\" alt=\"\" width=\"728\" height=\"485\" \/><\/figure>\n<p>Non tutte sono portate per lavorare alla prova del Cuoco, anzi, praticamente nessuna resiste ai tanti manicaretti che si possono mangiare durante la trasmissione, preparati da chef di prim\u2019ordine. I pi\u00f9 attenti ricorderanno che anche Antonella Clerici era aumentata di parecchi chili durante le prime stagioni del programma. Poi \u00e8 arrivato il turno di Elisabetta Isoardi, l\u2019ex di Salvini ha preso un bel po\u2019 di chili e ha ricevuto qualche critica di troppo. Ora, grazie anche all\u2019Isola dei Famosi, \u00e8 tornata in splendida forma! Se volesse potrebbe ancora sfilare come faceva da giovane ma vista la carriera pensiamo sia orientata ad altro.<\/p>\n<\/div>\n<div id=\"section-11\" class=\"omg-onepager-section total-paragraphs-1 fs-sec-used\">\n<h2>Manuela Arcuri \u2013 46 anni<\/h2>\n<figure class=\"img-wrapper\"><img loading=\"lazy\" decoding=\"async\" class=\"alignnone size-full wp-image-31236\" src=\"https:\/\/fabpop.net\/wp-content\/uploads\/2021\/07\/Manuela-Arcuri.jpg\" sizes=\"(max-width: 728px) 100vw, 728px\" srcset=\"https:\/\/fabpop.net\/wp-content\/uploads\/2021\/07\/Manuela-Arcuri.jpg 728w, https:\/\/fabpop.net\/wp-content\/uploads\/2021\/07\/Manuela-Arcuri-300x200.jpg 300w\" alt=\"\" width=\"728\" height=\"485\" \/><\/figure>\n<p>Ecco un\u2019altra donna che ha preferito lasciarsi alle spalle la carriera per dedicarsi alla famiglia. Manuela ha avuto una splendida bambina ed \u00e8 diventata la sua assoluta priorit\u00e0, la si vede spesso con lei in giro, o sulla spiaggia durante l\u2019estate, come una grande mamma sa fare. Ma Manuela non ha certo rinunciato alla sua bellezza fisica. Gli anni sono gi\u00e0 44 ma non \u00e8 possibile negare che Manuela sia ancora una donna davvero splendida, anzi forse gli anni le hanno dato un fascino ancora maggiore.<\/p>\n<\/div>\n<div id=\"section-12\" class=\"omg-onepager-section total-paragraphs-1 fs-sec-used\">\n<h2>Sabrina Ferilli \u2013 58 anni<\/h2>\n<figure class=\"img-wrapper\"><img loading=\"lazy\" decoding=\"async\" class=\"alignnone size-full wp-image-31116\" src=\"https:\/\/fabpop.net\/wp-content\/uploads\/2021\/07\/Sabrina-Ferilli-%E2%80%93-56-anni.jpg\" sizes=\"(max-width: 728px) 100vw, 728px\" srcset=\"https:\/\/fabpop.net\/wp-content\/uploads\/2021\/07\/Sabrina-Ferilli-\u2013-56-anni.jpg 728w, https:\/\/fabpop.net\/wp-content\/uploads\/2021\/07\/Sabrina-Ferilli-\u2013-56-anni-300x200.jpg 300w\" alt=\"\" width=\"728\" height=\"485\" \/><\/figure>\n<p>Ci sono donne che a una certa et\u00e0 si spengono, o che per meglio dire diventano un\u2019altra donna rispetto a quella che sono state in giovent\u00f9. Poi ci sono casi eccezionali di donne che con gli anni si mantengono ancora in splendida forma e che hanno praticamente fermato le lancette del tempo. Una di queste \u00e8 Sabrina Ferilli. Mettete a confronto una sua foto di vent\u2019anni fa e una di adesso e vi accorgerete che le differenze sono davvero minime! Probabilmente Sabrina si allena davvero molto in palestra!<\/p>\n<p>&nbsp;<\/p>\n<p><!--nextpage--><\/p>\n<\/div>\n<div id=\"section-13\" class=\"omg-onepager-section total-paragraphs-1 fs-sec-used\">\n<h2>Mara Venier \u2013 72 anni<\/h2>\n<figure class=\"img-wrapper\"><img loading=\"lazy\" decoding=\"async\" class=\"alignnone size-full wp-image-31115\" src=\"https:\/\/fabpop.net\/wp-content\/uploads\/2021\/07\/Mara-Venier-%E2%80%93-71-anni.jpg\" sizes=\"(max-width: 728px) 100vw, 728px\" srcset=\"https:\/\/fabpop.net\/wp-content\/uploads\/2021\/07\/Mara-Venier-\u2013-71-anni.jpg 728w, https:\/\/fabpop.net\/wp-content\/uploads\/2021\/07\/Mara-Venier-\u2013-71-anni-300x200.jpg 300w\" alt=\"\" width=\"728\" height=\"485\" \/><\/figure>\n<p>Mara Venier torn\u00f2 dopo una vacanza alcuni anni fa e sembrava una donna completamente trasformata. Molti si chiesero cosa le fosse successo, e lei stessa ha spiegato tutto. \u201cHo eliminato vino, dolci, ma mangio i carboidrati, sebbene misurati, e mi concedo anche qualche sorbetto. Fondamentale, per\u00f2, \u00e8 cercare di muoversi. In vacanza, a Casa de campo, in Repubblica Dominicana, mio marito Nicola andava a giocare a golf, io camminavo almeno 50 minuti. Ora, a Roma, ritorner\u00f2 in palestra seguita da un personal trainer\u201d. Ora Mara ha avuto qualche problema a causa di un impianto odontologico andato male, ma sicuramente torner\u00e0 pi\u00f9 splendida di prima!<\/p>\n<\/div>\n<div id=\"section-14\" class=\"omg-onepager-section total-paragraphs-1 fs-sec-used\">\n<h2>Monica Bellucci \u2013 56 anni<\/h2>\n<figure class=\"img-wrapper\"><img loading=\"lazy\" decoding=\"async\" class=\"alignnone size-full wp-image-31114\" src=\"https:\/\/fabpop.net\/wp-content\/uploads\/2021\/07\/Monica-Bellucci-%E2%80%93-56-anni-1.jpg\" alt=\"\" width=\"728\" height=\"485\" \/><\/figure>\n<p>A volte ci pu\u00f2 quasi capitare di dimenticare quanto sia italiana Monica, quanto sia nostra. In effetti ormai la sua fama si \u00e8 elevata oltre i confini puramente nazionali e la bellissima attrice \u00e8 diventata una cittadina francese a tutti gli effetti. Vive infatti a Cannes in uno splendido appartamento con la figlia, dopo essersi separata da Vincent Cassell. Per qualche tempo Monica ha frequentato un artista, Nicolas Lefevbre, di una quindicina d\u2019anni pi\u00f9 giovane di lei, e a vederli assieme la differenza d\u2019et\u00e0 davvero non si notava!<\/p>\n<\/div>\n<div id=\"section-15\" class=\"omg-onepager-section total-paragraphs-1 fs-sec-used\">\n<h2>Adriana Volpe \u2013 49 anni<\/h2>\n<figure class=\"img-wrapper\"><img loading=\"lazy\" decoding=\"async\" class=\"alignnone size-full wp-image-31102\" src=\"https:\/\/fabpop.net\/wp-content\/uploads\/2021\/07\/Adriana-Volpe-%E2%80%93-47-anni.jpg\" sizes=\"(max-width: 728px) 100vw, 728px\" srcset=\"https:\/\/fabpop.net\/wp-content\/uploads\/2021\/07\/Adriana-Volpe-\u2013-47-anni.jpg 728w, https:\/\/fabpop.net\/wp-content\/uploads\/2021\/07\/Adriana-Volpe-\u2013-47-anni-300x200.jpg 300w\" alt=\"\" width=\"728\" height=\"485\" \/><\/figure>\n<p>Adriana ha lasciato la Rai dopo tantissimi anni di attivit\u00e0 (molti la ricorderanno spesso al fianco del suo caro amico Fabrizio Frizzi) in cui ha dimostrato la sua simpatia e soprattutto, ha messo in mostra la sua elegante bellezza. Qualche anno fa ebbe un tremendo litigio con Giancarlo Magalli e quella fu la goccia che fece traboccare il vaso. Ora Adriana \u00e8 il volto del programma Ogni Mattina di TV8, dove ha colpito ancora tutti gli spettatori per la sua bellezza e la sua grande professionalit\u00e0.<\/p>\n<\/div>\n<div id=\"section-16\" class=\"omg-onepager-section total-paragraphs-1 fs-sec-used\">\n<h2>Wanda Nara \u2013 36 anni<\/h2>\n<figure class=\"img-wrapper\"><img loading=\"lazy\" decoding=\"async\" class=\"alignnone size-full wp-image-31113\" src=\"https:\/\/fabpop.net\/wp-content\/uploads\/2021\/07\/Wanda-Nara-%E2%80%93-34-anni.jpg\" sizes=\"(max-width: 728px) 100vw, 728px\" srcset=\"https:\/\/fabpop.net\/wp-content\/uploads\/2021\/07\/Wanda-Nara-\u2013-34-anni.jpg 728w, https:\/\/fabpop.net\/wp-content\/uploads\/2021\/07\/Wanda-Nara-\u2013-34-anni-300x200.jpg 300w\" alt=\"\" width=\"728\" height=\"485\" \/><\/figure>\n<p>Wanda e Mauro sono diventati una coppia chiacchieratissima del gossip internazionale. Icardi \u00e8 infatti diventato uno dei pi\u00f9 famosi calciatori mondiali e sicuramente la sua relazione ha contribuito alla sua fama anche fuori dal campo. Tutti sanno com\u2019\u00e8 andata : la splendida Wanda e Mauro si sono innamorati quando lei stava con l\u2019amico di lui Maxi Lopez. Lei in quel momento \u00e8 diventata famosissima soprattutto per la sua bellezza fuori dal comune. Wanda \u00e8 infatti una donna splendida che ha sempre gli occhi puntati addosso.<\/p>\n<\/div>\n<div id=\"section-17\" class=\"omg-onepager-section total-paragraphs-1 fs-sec-used\">\n<h2>Maria Grazia Cucinotta \u2013 54 anni<\/h2>\n<figure class=\"img-wrapper\"><img loading=\"lazy\" decoding=\"async\" class=\"alignnone size-full wp-image-31112\" src=\"https:\/\/fabpop.net\/wp-content\/uploads\/2021\/07\/Maria-Grazia-Cucinotta-%E2%80%93-52-anni.jpg\" sizes=\"(max-width: 728px) 100vw, 728px\" srcset=\"https:\/\/fabpop.net\/wp-content\/uploads\/2021\/07\/Maria-Grazia-Cucinotta-\u2013-52-anni.jpg 728w, https:\/\/fabpop.net\/wp-content\/uploads\/2021\/07\/Maria-Grazia-Cucinotta-\u2013-52-anni-300x200.jpg 300w\" alt=\"\" width=\"728\" height=\"485\" \/><\/figure>\n<p>Ai suoi tempi Maria Grazia Cucinotta sembrava destinata a diventare la nuova Sophia Loren del cinema italiano : bellezza simile, stesse curve, colore dei capelli, due migliori versioni della bellezza mediterranea. Non \u00e8 certo arrivata a quei livelli ma Maria Grazia ha avuto una carriera cinematografica di tutto rispetto, lavorando anche al fianco di un mostro sacro come Massimo Troisi. Ora \u00e8 occupata con le produzioni cinematografiche, ma la vediamo in qualche spot pubblicitario e ci stupisce la sua incredibile forma fisica.<\/p>\n<p>&nbsp;<\/p>\n<p><!--nextpage--><\/p>\n<\/div>\n<div id=\"section-18\" class=\"omg-onepager-section total-paragraphs-1 fs-sec-used\">\n<h2>Maria De Filippi \u2013 61 anni<\/h2>\n<figure class=\"img-wrapper\"><img loading=\"lazy\" decoding=\"async\" class=\"alignnone size-full wp-image-31111\" src=\"https:\/\/fabpop.net\/wp-content\/uploads\/2021\/07\/Maria-De-Filippi-%E2%80%93-59-anni.jpg\" sizes=\"(max-width: 728px) 100vw, 728px\" srcset=\"https:\/\/fabpop.net\/wp-content\/uploads\/2021\/07\/Maria-De-Filippi-\u2013-59-anni.jpg 728w, https:\/\/fabpop.net\/wp-content\/uploads\/2021\/07\/Maria-De-Filippi-\u2013-59-anni-300x200.jpg 300w\" alt=\"\" width=\"728\" height=\"485\" \/><\/figure>\n<p>Maria De Flippi \u00e8 ora una delle pi\u00f9 amate conduttrici della televisione italiana, ma quando era ragazza aveva un sogno : diventare magistrato. Maria si \u00e8 laureata in Giurisprudenza e ha fatto la redattrice di tesi, oltre a collaborare con l\u2019Istituto per la Ricerca Sociale. Fu poi assunta da un ufficio legale, dove lavorava in maniera specifica per un\u2019azienda produttrice di videocassette. Durante un convegno conobbe Maurizio Costanzo e la sua vita cambi\u00f2 : i due formano una coppia molto potente della televisione italiana. Maria sembra la stessa di quindici anni fa! Splendida!<\/p>\n<\/div>\n<div id=\"section-19\" class=\"omg-onepager-section total-paragraphs-1 fs-sec-used\">\n<h2>Ilary Blasi \u2013 42 anni<\/h2>\n<figure class=\"img-wrapper\"><img loading=\"lazy\" decoding=\"async\" class=\"alignnone size-full wp-image-31110\" src=\"https:\/\/fabpop.net\/wp-content\/uploads\/2021\/07\/Ilary-Blasi-%E2%80%93-39-anni.jpg\" sizes=\"(max-width: 728px) 100vw, 728px\" srcset=\"https:\/\/fabpop.net\/wp-content\/uploads\/2021\/07\/Ilary-Blasi-\u2013-39-anni.jpg 728w, https:\/\/fabpop.net\/wp-content\/uploads\/2021\/07\/Ilary-Blasi-\u2013-39-anni-300x200.jpg 300w\" alt=\"\" width=\"728\" height=\"485\" \/><\/figure>\n<p>Descritti come \u201cla famiglia reale di Roma\u201d, Totti e Blasi sono una coppia di celebrit\u00e0 che si abbinano a Posh e Becks. Entrambi sono apparsi nella televisione italiana dall\u2019inizio del XX secolo. Totti per le sue gesta sul campo di calcio e Ilary, compagna romana, per la sua lunga carriera di modella e conduttrice televisiva. Ilary, 39 anni, \u00e8 attualmente presentatrice dell\u2019Isola dei Famosi. Ilary prende il nome dal personaggio preferito di sua madre in un film western, ha avuto una lunga carriera davanti alle telecamere, sua madre l\u2019ha firmata per la prima volta in un\u2019agenzia quando aveva solo tre anni. Gli anni di Ilary sono quasi 40 ma la sua bellezza \u00e8 ancora incredibile.<\/p>\n<\/div>\n<div id=\"section-20\" class=\"omg-onepager-section total-paragraphs-1 fs-sec-used\">\n<h2>Michelle Hunziker \u2013 46 anni<\/h2>\n<figure class=\"img-wrapper\"><img loading=\"lazy\" decoding=\"async\" class=\"alignnone size-full wp-image-31109\" src=\"https:\/\/fabpop.net\/wp-content\/uploads\/2021\/07\/Michelle-Hunziker-%E2%80%93-44-anni.jpg\" sizes=\"(max-width: 728px) 100vw, 728px\" srcset=\"https:\/\/fabpop.net\/wp-content\/uploads\/2021\/07\/Michelle-Hunziker-\u2013-44-anni.jpg 728w, https:\/\/fabpop.net\/wp-content\/uploads\/2021\/07\/Michelle-Hunziker-\u2013-44-anni-300x200.jpg 300w\" alt=\"\" width=\"728\" height=\"485\" \/><\/figure>\n<p>Qualcuno potrebbe definire Michelle Hunziker un esempio di Melting Pot e crediamo che la definizione sia perfetta. Come molti di voi sapranno Michelle \u00e8 nata in Svizzera ma da genitori olandesi e svizzeri. Parla quindi l\u2019olandese e il tedesco, ma \u00e8 presto venuta in Italia a Milano in cerca di successo che \u00e8 prontamente arrivato, contemporaneamente all\u2019amore! Michelle conobbe giovanissima Eros e i due si innamorarono. A 44 anni \u00e8 una delle donne pi\u00f9 amate della televisione italiana.<\/p>\n<\/div>\n<div id=\"section-21\" class=\"omg-onepager-section total-paragraphs-1 fs-sec-used\">\n<h2>Martina Colombari \u2013 47 anni<\/h2>\n<figure class=\"img-wrapper\"><img loading=\"lazy\" decoding=\"async\" class=\"alignnone size-full wp-image-31108\" src=\"https:\/\/fabpop.net\/wp-content\/uploads\/2021\/07\/Martina-Colombari-%E2%80%93-45-anni.jpg\" sizes=\"(max-width: 728px) 100vw, 728px\" srcset=\"https:\/\/fabpop.net\/wp-content\/uploads\/2021\/07\/Martina-Colombari-\u2013-45-anni.jpg 728w, https:\/\/fabpop.net\/wp-content\/uploads\/2021\/07\/Martina-Colombari-\u2013-45-anni-300x200.jpg 300w\" alt=\"\" width=\"728\" height=\"485\" \/><\/figure>\n<p>Sono passati gli anni per Martina ma chiunque neghi che sia ancora splendida \u00e8 davvero pazzo! Il suo fisico \u00e8 ancora scolpito nella pietra grazie ai tantissimi esercizi svolti in palestra, e i suoi occhi azzurri risplendono come sempre. Martina vinse il concorso di Miss Italia quando era solo una ragazzina di 16 anni e da quel momento cominci\u00f2 a sfilare per alcuni importantissimi stilisti come Roberto Cavalli, Versace e Armani. Molto concentrata sulla sua famiglia, \u00e8 ancora testimonial di alcune note marche.<\/p>\n<\/div>\n<div id=\"section-22\" class=\"omg-onepager-section total-paragraphs-1 fs-sec-used\">\n<h2>Elisabetta Canalis \u2013 44 anni<\/h2>\n<figure class=\"img-wrapper\"><img loading=\"lazy\" decoding=\"async\" class=\"alignnone size-full wp-image-31107\" src=\"https:\/\/fabpop.net\/wp-content\/uploads\/2021\/07\/Elisabetta-Canalis-%E2%80%93-42-anni.jpg\" sizes=\"(max-width: 728px) 100vw, 728px\" srcset=\"https:\/\/fabpop.net\/wp-content\/uploads\/2021\/07\/Elisabetta-Canalis-\u2013-42-anni.jpg 728w, https:\/\/fabpop.net\/wp-content\/uploads\/2021\/07\/Elisabetta-Canalis-\u2013-42-anni-300x200.jpg 300w\" alt=\"\" width=\"728\" height=\"485\" \/><\/figure>\n<p>L\u2019anno scorso Elisabetta Canalis \u00e8 apparsa molto magra in alcune foto su instagram, scatenando le opinioni dei fans che hanno commentato i suoi post. La foto era stata scattata in Austria, dove la Canalis stava lavorando. Molti dei fans si sono preoccupati per la magrezza di Elisabetta (che a dire la verit\u00e0 non \u00e8 mai stata una donna particolarmente formosa), ma \u00e8 bene ricordare che la Canalis \u00e8 una vera e propria maniaca dell\u2019alimentazione e della palestra, dove passa molte ore della sua giornata. Insomma, tutto nella norma, a Elisabetta piace essere magra!<\/p>\n<p>&nbsp;<\/p>\n<p><!--nextpage--><\/p>\n<\/div>\n<div id=\"section-23\" class=\"omg-onepager-section total-paragraphs-1 fs-sec-used\">\n<h2>Elisabetta Gregoraci \u2013 43 anni<\/h2>\n<figure class=\"img-wrapper\"><img loading=\"lazy\" decoding=\"async\" class=\"alignnone size-full wp-image-31106\" src=\"https:\/\/fabpop.net\/wp-content\/uploads\/2021\/07\/Elisabetta-Gregoraci-%E2%80%93-41-anni.jpg\" sizes=\"(max-width: 728px) 100vw, 728px\" srcset=\"https:\/\/fabpop.net\/wp-content\/uploads\/2021\/07\/Elisabetta-Gregoraci-\u2013-41-anni.jpg 728w, https:\/\/fabpop.net\/wp-content\/uploads\/2021\/07\/Elisabetta-Gregoraci-\u2013-41-anni-300x200.jpg 300w\" alt=\"\" width=\"728\" height=\"485\" \/><\/figure>\n<p>Elisabetta deve sicuramente molto a Flavio Briatore. Lei all\u2019inizio era una sconosciuta, lui invece gi\u00e0 uno degli imprenditori pi\u00f9 ricchi d\u2019Italia. La love story \u00e8 iniziata nel 2006 e fece subito scalpore la differenza d\u2019et\u00e0. Alcuni vedevano questa relazione come poco probabile ma i due si sposarono in una sontuosa cerimonia a Roma, alla quale parteciparono personaggi di grande importanza : Elisabetta indossava un abito incredibile che richiese 500 ore di lavoro. Poi la separazione consensuale nel 2017. I due hanno un figlio, Nathan Falco. Elisabetta ha partecipato al GFVIP mostrando ancora un fisico pazzesco.<\/p>\n<\/div>\n<div id=\"section-24\" class=\"omg-onepager-section total-paragraphs-1 fs-sec-used\">\n<h2>Patty Pravo \u2013 75anni<\/h2>\n<figure class=\"img-wrapper\"><img loading=\"lazy\" decoding=\"async\" class=\"alignnone size-full wp-image-31105\" src=\"https:\/\/fabpop.net\/wp-content\/uploads\/2021\/07\/Patty-Pravo.jpg\" sizes=\"(max-width: 728px) 100vw, 728px\" srcset=\"https:\/\/fabpop.net\/wp-content\/uploads\/2021\/07\/Patty-Pravo.jpg 728w, https:\/\/fabpop.net\/wp-content\/uploads\/2021\/07\/Patty-Pravo-300x200.jpg 300w\" alt=\"\" width=\"728\" height=\"485\" \/><\/figure>\n<p>Anche in questo caso ci togliamo il cappello di fronte a una delle artiste pi\u00f9 importanti della musica italiana degli ultimi cinquantanni. Patty \u00e8 in realt\u00e0 ancora molto attiva in televisione : nel 2018 \u00e8 stata giurata e coach della trasmissione \u201cora o mai pi\u00f9\u201d, dove si cercavano di recuperare vecchie glorie della musica italiana cadute nel dimenticatoio. Nello stesso anno partecipa a Sanremo con il brano Un po\u2019 come la vita , terminando solo 21esima in classifica. L\u2019anno scorso infine \u00e8 uscito il suo ultimo album.<\/p>\n<\/div>\n<div id=\"section-25\" class=\"omg-onepager-section total-paragraphs-1 fs-sec-used\">\n<h2>Federica Moro \u2013 58 anni<\/h2>\n<figure class=\"img-wrapper\"><img loading=\"lazy\" decoding=\"async\" class=\"alignnone size-full wp-image-31104\" src=\"https:\/\/fabpop.net\/wp-content\/uploads\/2021\/07\/Federica-Moro-%E2%80%93-56-anni.jpg\" sizes=\"(max-width: 728px) 100vw, 728px\" srcset=\"https:\/\/fabpop.net\/wp-content\/uploads\/2021\/07\/Federica-Moro-\u2013-56-anni.jpg 728w, https:\/\/fabpop.net\/wp-content\/uploads\/2021\/07\/Federica-Moro-\u2013-56-anni-300x200.jpg 300w\" alt=\"\" width=\"728\" height=\"485\" \/><\/figure>\n<p>Federica era un volto noto della televisione anni ottanta, e i pi\u00f9 attenti la ricorderanno come Arianna nella serie cult di quegli anni, COllege. Federica per\u00f2 \u00e8 anche stata Miss Italia, nel 1982, e da allora ha iniziato ad apparire in una serie di programmi televisivi e film, ad esempio al fianco di Adriano Celentano o per i Vanzina, nel film La Partita. Insomma la carriera di Federica \u00e8 stata piena di soddisfazioni e anche se ora la vediamo meno in televisione, ci\u00f2 non toglie che sia ancora una donna davvero splendida.<\/p>\n<\/div>\n<div id=\"section-26\" class=\"omg-onepager-section total-paragraphs-1 fs-sec-used\">\n<h2>Ornella Vanoni \u2013 88 anni<\/h2>\n<figure class=\"img-wrapper\"><img loading=\"lazy\" decoding=\"async\" class=\"alignnone size-full wp-image-31103\" src=\"https:\/\/fabpop.net\/wp-content\/uploads\/2021\/07\/Ornella-Vanoni-%E2%80%93-86-anni.jpg\" sizes=\"(max-width: 728px) 100vw, 728px\" srcset=\"https:\/\/fabpop.net\/wp-content\/uploads\/2021\/07\/Ornella-Vanoni-\u2013-86-anni.jpg 728w, https:\/\/fabpop.net\/wp-content\/uploads\/2021\/07\/Ornella-Vanoni-\u2013-86-anni-300x200.jpg 300w\" alt=\"\" width=\"728\" height=\"485\" \/><\/figure>\n<p>Ecco un\u2019altra diva assoluta della musica italiana. Parliamo di una delle artiste pi\u00f9 longeve della nostra storia, oltre che tra le pi\u00f9 prolifiche, visto che dal 1956 ad oggi ha pubblicato 112 opere, un numero davvero impressionante. I dischi venduti nel mondo sono oltre 40 milioni e la sua classe cristallina si mantiene ancora intatta tutt\u2019oggi. A 86 anni canta ancora e viene spesso invitata in televisione dove racconta aneddoti sulla sua carriera. Al di l\u00e0 dell\u2019aspetto fisico, Ornella \u00e8 una vera e propria figura leggendaria.<\/p>\n<\/div>\n<div id=\"section-27\" class=\"omg-onepager-section total-paragraphs-1 fs-sec-used\">\n<h2>Barbara Palombelli \u2013 69 anni<\/h2>\n<figure class=\"img-wrapper\"><img loading=\"lazy\" decoding=\"async\" class=\"alignnone size-full wp-image-31101\" src=\"https:\/\/fabpop.net\/wp-content\/uploads\/2021\/07\/Barbara-Palombelli-%E2%80%93-67-anni.jpg\" sizes=\"(max-width: 728px) 100vw, 728px\" srcset=\"https:\/\/fabpop.net\/wp-content\/uploads\/2021\/07\/Barbara-Palombelli-\u2013-67-anni.jpg 728w, https:\/\/fabpop.net\/wp-content\/uploads\/2021\/07\/Barbara-Palombelli-\u2013-67-anni-300x200.jpg 300w\" alt=\"\" width=\"728\" height=\"485\" \/><\/figure>\n<p>La Palombelli si avvia verso i 70 ma a vederla non dimostra davvero questa et\u00e0. Non dimentichiamoci che parliamo di una delle giornaliste pi\u00f9 preparate della nostra televisione, insignita del titolo di Cavaliere dell\u2019Ordine al Merito della Repubblica Italiana, anche se a quanto pare ora ha deciso di interessarsi di un programma pi\u00f9 soft come Forum. In realt\u00e0 per\u00f2 ha anche un programma di risposta a Otto e Mezzo di Lilli Gruber, parliamo di Stasera Italia, che va in onda tutte le sere su Rete 4.<\/p>\n<p>&nbsp;<\/p>\n<p><!--nextpage--><\/p>\n<\/div>\n<div id=\"section-28\" class=\"omg-onepager-section total-paragraphs-1 fs-sec-used\">\n<h2>Claudia Andreatti \u2013 36 anni<\/h2>\n<figure class=\"img-wrapper\"><img loading=\"lazy\" decoding=\"async\" class=\"alignnone size-full wp-image-31100\" src=\"https:\/\/fabpop.net\/wp-content\/uploads\/2021\/07\/Claudia-Andreatti-%E2%80%93-34-anni.jpg\" sizes=\"(max-width: 728px) 100vw, 728px\" srcset=\"https:\/\/fabpop.net\/wp-content\/uploads\/2021\/07\/Claudia-Andreatti-\u2013-34-anni.jpg 728w, https:\/\/fabpop.net\/wp-content\/uploads\/2021\/07\/Claudia-Andreatti-\u2013-34-anni-300x200.jpg 300w\" alt=\"\" width=\"728\" height=\"485\" \/><\/figure>\n<p>Claudia sicuramente ha un carattere deciso che ha acquistato ancora maggiore determinazione con l\u2019et\u00e0. Oggi ha 34 anni e parla inglese correttamente, dopo essere vissuta un intero anno negli Stati Uniti. Dopo il concorso di Miss Italia in realt\u00e0 non ha pi\u00f9 ampliato la sua carriera nel mondo dello spettacolo. Preferisce la sua vita pi\u00f9 ritirata dove appare ogni tanto in qualche serata qui in qualche trasmissione ma senza ritenere questa la sua professione principale.<\/p>\n<\/div>\n<div id=\"section-29\" class=\"omg-onepager-section total-paragraphs-1 fs-sec-used\">\n<h2>Alessia Marcuzzi \u2013 50 anni<\/h2>\n<figure class=\"img-wrapper\"><img loading=\"lazy\" decoding=\"async\" class=\"alignnone size-full wp-image-31099\" src=\"https:\/\/fabpop.net\/wp-content\/uploads\/2021\/07\/Alessia-Marcuzzi-%E2%80%93-47-anni.jpg\" sizes=\"(max-width: 728px) 100vw, 728px\" srcset=\"https:\/\/fabpop.net\/wp-content\/uploads\/2021\/07\/Alessia-Marcuzzi-\u2013-47-anni.jpg 728w, https:\/\/fabpop.net\/wp-content\/uploads\/2021\/07\/Alessia-Marcuzzi-\u2013-47-anni-300x200.jpg 300w\" alt=\"\" width=\"728\" height=\"485\" \/><\/figure>\n<p>La Marcuzzi si pu\u00f2 paragonare a del buon vino, pi\u00f9 passano gli anni e pi\u00f9 diventa buona! Alessia ha ormai spento le 47 candeline eppure sta vivendo un momento d\u2019oro della sua carriera, basti pensare al successo che sta avendo come influencer, dove \u00e8 riuscita a raggiungere l\u2019impressionante cifra di 5 milioni di followers. Contemporaneamente \u00e8 ancora molto attiva in televisione dove conduce programmi di grande successo. Tutti le fanno i complimenti per la sua bellezza e non potrebbe davvero essere altrimenti.<\/p>\n<\/div>\n<div id=\"section-30\" class=\"omg-onepager-section total-paragraphs-1 fs-sec-used\">\n<h2>Antonella Clerici \u2013 59 anni<\/h2>\n<figure class=\"img-wrapper\"><img loading=\"lazy\" decoding=\"async\" class=\"alignnone size-full wp-image-31098\" src=\"https:\/\/fabpop.net\/wp-content\/uploads\/2021\/07\/Antonella-Clerici-%E2%80%93-57-anni.jpg\" sizes=\"(max-width: 728px) 100vw, 728px\" srcset=\"https:\/\/fabpop.net\/wp-content\/uploads\/2021\/07\/Antonella-Clerici-\u2013-57-anni.jpg 728w, https:\/\/fabpop.net\/wp-content\/uploads\/2021\/07\/Antonella-Clerici-\u2013-57-anni-300x200.jpg 300w\" alt=\"\" width=\"728\" height=\"485\" \/><\/figure>\n<p>Il sorriso di Antonella Clerici \u00e8 sempre stato contagioso. Antonella \u00e8 sempre stata molto apprezzata in ambito del piccolo schermo dove ha lavorato parecchi anni come conduttrice. \u00c8 partita nel settore dello sport e dove conduceva trasmissioni prevalentemente di calcio e dallo sport \u00e8 passato poi il secondo grande amore degli italiani che e sicuramente il cibo. Infatti i pi\u00f9 se la ricordano come conduttrice de La Prova del Cuoco, dove in realt\u00e0 aveva messo su qualche chilo che, da quando non conduce pi\u00f9 la trasmissione, ha perso ritornando in splendida forma. Antonella oggi va avanti sempre nella sua carriera televisiva, ma vuole anche dedicare del tempo di qualit\u00e0 alla figlia Maelle e che sta pian piano crescendo. La vediamo impegnata in un altro programma diurno intitolato: \u00c8 sempre mezzogiorno.<\/p>\n<\/div>\n<div id=\"section-31\" class=\"omg-onepager-section total-paragraphs-1 fs-sec-used\">\n<h2>Barbara D\u2019Urso \u2013 66 anni<\/h2>\n<figure class=\"img-wrapper\"><img loading=\"lazy\" decoding=\"async\" class=\"alignnone size-full wp-image-31097\" src=\"https:\/\/fabpop.net\/wp-content\/uploads\/2021\/07\/Barbara-DUrso-%E2%80%93-63-anni.jpg\" sizes=\"(max-width: 728px) 100vw, 728px\" srcset=\"https:\/\/fabpop.net\/wp-content\/uploads\/2021\/07\/Barbara-DUrso-\u2013-63-anni.jpg 728w, https:\/\/fabpop.net\/wp-content\/uploads\/2021\/07\/Barbara-DUrso-\u2013-63-anni-300x200.jpg 300w\" alt=\"\" width=\"728\" height=\"485\" \/><\/figure>\n<p>Forse \u00e8 quasi pleonastico nominare ancora Barbara D\u2019Urso, una donna che fa sistematicamente parte della vita quotidiana di milioni di telespettatori italiani. Barbara in pratica non \u201cesce\u201d mai dalla televisione, visto che le ore settimanali di diretta nei suoi programmi di canale 5 sono ben 13, e fa tutto questo mostrando una forma e un look a dir poco sensazionale, vista l\u2019et\u00e0. Anche in questo cosa c\u2019\u00e8 stato sicuramente l\u2019aiuto di una chirurgia plastica non stravolgente, che ha aiutato Barbara a mantenersi bellissima.<\/p>\n<\/div>\n<div id=\"section-32\" class=\"omg-onepager-section total-paragraphs-1 fs-sec-used\">\n<h2>Belen Rodriguez \u2013 38 anni<\/h2>\n<figure class=\"img-wrapper\"><img loading=\"lazy\" decoding=\"async\" class=\"alignnone size-full wp-image-31096\" src=\"https:\/\/fabpop.net\/wp-content\/uploads\/2021\/07\/Belen-Rodriguez-%E2%80%93-36-anni.jpg\" sizes=\"(max-width: 728px) 100vw, 728px\" srcset=\"https:\/\/fabpop.net\/wp-content\/uploads\/2021\/07\/Belen-Rodriguez-\u2013-36-anni.jpg 728w, https:\/\/fabpop.net\/wp-content\/uploads\/2021\/07\/Belen-Rodriguez-\u2013-36-anni-300x200.jpg 300w\" alt=\"\" width=\"728\" height=\"485\" \/><\/figure>\n<p>Belen \u00e8 davvero, ancora oggi, nella top 3 delle donne pi\u00f9 desiderate dagli italiani. E a dimostrazione di ci\u00f2 c\u2019\u00e8 il suo fisico statuario, che la Rodriguez riesce a mantenere grazie alla sua genetica ottima (basta guardare sua sorella) e grazie all\u2019esercizio che fa sempre. Belen \u00e8 incinta ora ma anche a vederla cos\u00ec, ci chiediamo come faccia a essere cos\u00ec bella! Sappiamo che uno dei suoi segreti \u00e8 da sempre il crossfit, ma sicuramente ce ne sono altri che non ci racconta ma che vorremmo sapere davvero!<\/p>\n<p>&nbsp;<\/p>\n<p><!--nextpage--><\/p>\n<\/div>\n<div id=\"section-33\" class=\"omg-onepager-section total-paragraphs-1 fs-sec-used\">\n<h2>Luce Caponegro \u2013 56 anni<\/h2>\n<figure class=\"img-wrapper\"><img loading=\"lazy\" decoding=\"async\" class=\"alignnone size-full wp-image-31095\" src=\"https:\/\/fabpop.net\/wp-content\/uploads\/2021\/07\/Luce-Caponegro-%E2%80%93-54-anni.jpg\" sizes=\"(max-width: 728px) 100vw, 728px\" srcset=\"https:\/\/fabpop.net\/wp-content\/uploads\/2021\/07\/Luce-Caponegro-\u2013-54-anni.jpg 728w, https:\/\/fabpop.net\/wp-content\/uploads\/2021\/07\/Luce-Caponegro-\u2013-54-anni-300x200.jpg 300w\" alt=\"\" width=\"728\" height=\"485\" \/><\/figure>\n<p>Luce Caponegro \u00e8 un nome poco noto ai non esperti, ma se vi parliamo di Selen, il suo nome d\u2019arte, sicuramente capirete subito di chi stiamo parlando. Forse la pi\u00f9 famosa attrice di film hard italiana dopo Moana Pozzi, Luce ha abbandonato l\u2019industria del cinema di nicchia poco dopo aver compiuto trent\u2019anni ed \u00e8 diventata una imprenditrice di successo, nonch\u00e9 mamma impegnatissima (forse l\u2019avete vista ultimamente alle prese con uno scherzo che le hanno fatto le Iene). Ancora oggi conserva la sua bellezza.<\/p>\n<\/div>\n<div id=\"section-34\" class=\"omg-onepager-section total-paragraphs-1 fs-sec-used\">\n<h2>Ilona Staller\u2013 71 anni<\/h2>\n<figure class=\"img-wrapper\"><img loading=\"lazy\" decoding=\"async\" class=\"alignnone size-full wp-image-31094\" src=\"https:\/\/fabpop.net\/wp-content\/uploads\/2021\/07\/Ilona-Staller%E2%80%93-69-anni.jpg\" sizes=\"(max-width: 728px) 100vw, 728px\" srcset=\"https:\/\/fabpop.net\/wp-content\/uploads\/2021\/07\/Ilona-Staller\u2013-69-anni.jpg 728w, https:\/\/fabpop.net\/wp-content\/uploads\/2021\/07\/Ilona-Staller\u2013-69-anni-300x200.jpg 300w\" alt=\"\" width=\"728\" height=\"485\" \/><\/figure>\n<p>Anche in questo caso non tutti potrebbero ricordare questo nome, ma se vi diciamo Cicciolina, siamo sicuri che capirete subito che stiamo parlando di un altrettanto nota attrice del cinema di nicchia. Cicciolina fu una vera e propria icona tra la fine degli anni Settanta e gli anni Ottanta, arrivando anche ad avere molte presenze in televisione, dove spesso era protagonista di alcuni spot. Ilona entr\u00f2 anche in politica facendo molto scalpore ma poco successo e ora pare avere alcuni problemi finanziari seri.<\/p>\n<\/div>\n<div id=\"section-35\" class=\"omg-onepager-section total-paragraphs-1 fs-sec-used\">\n<h2>Eva Henger \u2013 50 anni<\/h2>\n<figure class=\"img-wrapper\"><img loading=\"lazy\" decoding=\"async\" class=\"alignnone size-full wp-image-31093\" src=\"https:\/\/fabpop.net\/wp-content\/uploads\/2021\/07\/Eva-Henger-%E2%80%93-47-anni.jpg\" sizes=\"(max-width: 728px) 100vw, 728px\" srcset=\"https:\/\/fabpop.net\/wp-content\/uploads\/2021\/07\/Eva-Henger-\u2013-47-anni.jpg 728w, https:\/\/fabpop.net\/wp-content\/uploads\/2021\/07\/Eva-Henger-\u2013-47-anni-300x200.jpg 300w\" alt=\"\" width=\"728\" height=\"485\" \/><\/figure>\n<p>Concludiamo la triade di queste famose attrici del cinema per adulti con Eva Henger, una donna che raggiunse il successo dopo essere stata scoperta dal produttore Riccardo Schicchi, che divenne anche suo marito e con il quale Eva rimase fino al giorno della sua morte. Eva \u00e8 ancora splendida e complice anche la fama che sta avendo sua figlia Mercedesz, \u00e8 spesso in televisione nei panni di opinionista, soprattutto dalla D\u2019Urso dove sembra avere un posto privilegiato per lei.<\/p>\n<\/div>\n<div id=\"section-36\" class=\"omg-onepager-section total-paragraphs-1 fs-sec-used\">\n<h2>Roberta Bruzzone \u2013 49<\/h2>\n<figure class=\"img-wrapper\"><img loading=\"lazy\" decoding=\"async\" class=\"alignnone size-full wp-image-31092\" src=\"https:\/\/fabpop.net\/wp-content\/uploads\/2021\/07\/Roberta-Bruzzone-%E2%80%93-47.jpg\" sizes=\"(max-width: 728px) 100vw, 728px\" srcset=\"https:\/\/fabpop.net\/wp-content\/uploads\/2021\/07\/Roberta-Bruzzone-\u2013-47.jpg 728w, https:\/\/fabpop.net\/wp-content\/uploads\/2021\/07\/Roberta-Bruzzone-\u2013-47-300x200.jpg 300w\" alt=\"\" width=\"728\" height=\"485\" \/><\/figure>\n<p>Donna dal carattere forte che ormai abbiamo imparato a conoscere benissimo, Roberta \u00e8 senza ombra di dubbio la criminologa pi\u00f9 famosa della televisione italiana. Fin da quando l\u2019abbiamo conosciuta quando lavor\u00f2 al triste caso di Sara Scazzi, Roberta \u00e8 diventata ospite fisso di trasmissioni in cui vengono trattati casi irrisolti di omicidi o rapimenti, ed \u00e8 sempre pronta a dare la sua opinione da donna preparata. Oltre a questo Roberta si mantiene in grande forma e pratica assiduamente corsi di arti marziali.<\/p>\n<\/div>\n<div id=\"section-37\" class=\"omg-onepager-section total-paragraphs-1 fs-sec-used\">\n<h2>Carla Bruni \u2013 55 anni<\/h2>\n<figure class=\"img-wrapper\"><img loading=\"lazy\" decoding=\"async\" class=\"alignnone size-full wp-image-31091\" src=\"https:\/\/fabpop.net\/wp-content\/uploads\/2021\/07\/Carla-Bruni-%E2%80%93-53-anni.jpg\" sizes=\"(max-width: 728px) 100vw, 728px\" srcset=\"https:\/\/fabpop.net\/wp-content\/uploads\/2021\/07\/Carla-Bruni-\u2013-53-anni.jpg 728w, https:\/\/fabpop.net\/wp-content\/uploads\/2021\/07\/Carla-Bruni-\u2013-53-anni-300x200.jpg 300w\" alt=\"\" width=\"728\" height=\"485\" \/><\/figure>\n<p>Quando Carla Bruni ha cessato di essere la first lady di Francia l\u2019anno scorso, molti pensavano che fosse l\u2019ultima volta che l\u2019Eliseo avrebbe visto l\u2019ex top model e il marito del presidente Bling. Si diceva che con Nicolas Sarkozy non pi\u00f9 al potere, Bruni avrebbe dovuto lasciarlo; la monogamia, ha osservato una volta, la \u201cannoia\u201d. Speriamo che le cose tra lei e Nicolas proseguano bene, ma intanto ci limitiamo a notare quanto sia ancora splendida Carla e siamo sicuri che anche Sarkozy lo sa bene!<\/p>\n<p>&nbsp;<\/p>\n<p><!--nextpage--><\/p>\n<\/div>\n<div id=\"section-38\" class=\"omg-onepager-section total-paragraphs-1 fs-sec-used\">\n<h2>Antonella Elia \u2013 59 anni<\/h2>\n<figure class=\"img-wrapper\"><img loading=\"lazy\" decoding=\"async\" class=\"alignnone size-full wp-image-31168\" src=\"https:\/\/fabpop.net\/wp-content\/uploads\/2021\/07\/Antonella-Elia-%E2%80%93-57-anni.jpg\" sizes=\"(max-width: 728px) 100vw, 728px\" srcset=\"https:\/\/fabpop.net\/wp-content\/uploads\/2021\/07\/Antonella-Elia-\u2013-57-anni.jpg 728w, https:\/\/fabpop.net\/wp-content\/uploads\/2021\/07\/Antonella-Elia-\u2013-57-anni-300x200.jpg 300w\" alt=\"\" width=\"728\" height=\"485\" \/><\/figure>\n<p>Antonella \u00e8 una delle ragazze che divennero famose dopo la partecipazione al programma di Gianni Boncompagni, il famoso Non \u00e8 La Rai. Alla fine della fortunata trasmissione, Antonella ha cominciato a lavorare in tv in tanti programmi, soprattutto di carattere sportivo e molti la ricorderanno fare coppia sia con Corrado che soprattutto con Raimondo Vianello, con il quale improvvisavano sketches molto divertenti. Ultimamente Antonella \u00e8 un animale da reality (ha vinto l\u2019Isola dei Famosi) nonch\u00e9 opinionista televisiva.<\/p>\n<\/div>\n<div id=\"section-39\" class=\"omg-onepager-section total-paragraphs-1 fs-sec-used\">\n<h2>Nina Moric \u2013 46 anni<\/h2>\n<figure class=\"img-wrapper\"><img loading=\"lazy\" decoding=\"async\" class=\"alignnone size-full wp-image-31163\" src=\"https:\/\/fabpop.net\/wp-content\/uploads\/2021\/07\/Nina-Moric-%E2%80%93-44-anni.jpg\" sizes=\"(max-width: 728px) 100vw, 728px\" srcset=\"https:\/\/fabpop.net\/wp-content\/uploads\/2021\/07\/Nina-Moric-\u2013-44-anni.jpg 728w, https:\/\/fabpop.net\/wp-content\/uploads\/2021\/07\/Nina-Moric-\u2013-44-anni-300x200.jpg 300w\" alt=\"\" width=\"728\" height=\"485\" \/><\/figure>\n<p>Che dire di Nina Moric, \u00e8 un personaggio con luci ed ombre che probabilmente non hanno fatto altro che aumentare l\u2019interesse su di lei. Nina irruppe nel panorama internazionale come modella del video musicale de La Vida Loca di Ricky Martin, uno dei singoli di maggior successo degli ultimi 30 anni. Poi arrivarono le passerelle della moda e la cronaca rosa con i problemi con Fabrizio Corona dopo una relazione travagliata. Ora Nina \u00e8 quasi un\u2019altra donna dopo aver fatto tantissime operazioni estetiche. Peccato.<\/p>\n<\/div>\n<div id=\"section-40\" class=\"omg-onepager-section total-paragraphs-1 fs-sec-used\">\n<h2>Vera Gemma \u2013 52 anni<\/h2>\n<figure class=\"img-wrapper\"><img loading=\"lazy\" decoding=\"async\" class=\"alignnone size-full wp-image-31162\" src=\"https:\/\/fabpop.net\/wp-content\/uploads\/2021\/07\/Vera-Gemma-%E2%80%93-51-anni.jpg\" sizes=\"(max-width: 728px) 100vw, 728px\" srcset=\"https:\/\/fabpop.net\/wp-content\/uploads\/2021\/07\/Vera-Gemma-\u2013-51-anni.jpg 728w, https:\/\/fabpop.net\/wp-content\/uploads\/2021\/07\/Vera-Gemma-\u2013-51-anni-300x200.jpg 300w\" alt=\"\" width=\"728\" height=\"485\" \/><\/figure>\n<p>Donna molto stravagante che alcuni hanno imparato a conoscere solo nell\u2019ultima edizione de L\u2019Isola dei Famosi, ma in realt\u00e0 Vera \u00e8 figlia di un importantissimo attore del cinema italiano scomparso prematuramente alcuni anni fa a causa di un incidente stradale. Il padre di Vera era Giuliano Gemma, attore protagonista di film come La Sindrome di Stendhal, Ladri di Cinema o Anche gli Angeli Mangiano Fagioli. Vera uscir\u00e0 sicuramente pi\u00f9 famosa dalla sua esperienza all\u2019isola dove ha dimostrato grande energia.<\/p>\n<\/div>\n<div id=\"section-41\" class=\"omg-onepager-section total-paragraphs-1 fs-sec-used\">\n<h2>Valeria Golino \u2013 57 anni<\/h2>\n<figure class=\"img-wrapper\"><img loading=\"lazy\" decoding=\"async\" class=\"alignnone size-full wp-image-31161\" src=\"https:\/\/fabpop.net\/wp-content\/uploads\/2021\/07\/Valeria-Golino-%E2%80%93-52-anni.jpg\" sizes=\"(max-width: 728px) 100vw, 728px\" srcset=\"https:\/\/fabpop.net\/wp-content\/uploads\/2021\/07\/Valeria-Golino-\u2013-52-anni.jpg 728w, https:\/\/fabpop.net\/wp-content\/uploads\/2021\/07\/Valeria-Golino-\u2013-52-anni-300x200.jpg 300w\" alt=\"\" width=\"728\" height=\"485\" \/><\/figure>\n<p>Valeria Golino \u00e8 sicuramente una persona che trasuda un certo magnetismo seducente, quella cosa che non puoi davvero definire, non ha proprio un nome, \u00e8 un mistero, ma alcuni la chiamano: qualit\u00e0 da star. Puoi sentirlo permeare l\u2019aria, come una fragranza esotica, mentre entra in una stanza e la guardi da lontano. La Golino vanta film importantissimi sul suo curriculum, nonch\u00e9 una lunga storia d\u2019amore con il pi\u00f9 giovane Scamarcio. La Golino \u00e8 ancora davvero affascinante.<\/p>\n<\/div>\n<div id=\"section-42\" class=\"omg-onepager-section total-paragraphs-1 fs-sec-used\">\n<h2>Roberta Capua \u2013 54 anni<\/h2>\n<figure class=\"img-wrapper\"><img loading=\"lazy\" decoding=\"async\" class=\"alignnone size-full wp-image-31160\" src=\"https:\/\/fabpop.net\/wp-content\/uploads\/2021\/07\/Roberta-Capua-%E2%80%93-52-anni.jpg\" sizes=\"(max-width: 728px) 100vw, 728px\" srcset=\"https:\/\/fabpop.net\/wp-content\/uploads\/2021\/07\/Roberta-Capua-\u2013-52-anni.jpg 728w, https:\/\/fabpop.net\/wp-content\/uploads\/2021\/07\/Roberta-Capua-\u2013-52-anni-300x200.jpg 300w\" alt=\"\" width=\"728\" height=\"485\" \/><\/figure>\n<p>La famiglia Capua, forse pochi lo sanno, detiene un record davvero eccezionale. Lei e sua madre Jolanda sono l\u2019unico caso di madre e figlia entrambe incoronate Miss Italia : incredibile! Proprio dopo Miss Italia, Roberta inizi\u00f2 a lavorare in televisione a quella che era una trasmissione che lanci\u00f2 molte Miss di allora, Tappeto Volante, al fianco di Luciano Rispoli. Roberta ha poi condotto anche uno mattina e altri programmi importanti e si \u00e8 sempre contraddistinta per classe ed eleganza.<\/p>\n<p>&nbsp;<\/p>\n<p><!--nextpage--><\/p>\n<\/div>\n<div id=\"section-43\" class=\"omg-onepager-section total-paragraphs-1 fs-sec-used\">\n<h2>Ramona Badescu -54 anni<\/h2>\n<figure class=\"img-wrapper\"><img loading=\"lazy\" decoding=\"async\" class=\"alignnone size-full wp-image-31159\" src=\"https:\/\/fabpop.net\/wp-content\/uploads\/2021\/07\/Ramona-Badescu-51-anni.jpg\" sizes=\"(max-width: 728px) 100vw, 728px\" srcset=\"https:\/\/fabpop.net\/wp-content\/uploads\/2021\/07\/Ramona-Badescu-51-anni.jpg 728w, https:\/\/fabpop.net\/wp-content\/uploads\/2021\/07\/Ramona-Badescu-51-anni-300x200.jpg 300w\" alt=\"\" width=\"728\" height=\"485\" \/><\/figure>\n<p>La Badescu \u00e8 una figura che molti ricollegano agli anni novanta, fu allora infatti che ebbe il suo maggior successo. Romena, laureata in economia e commercio, Ramona rappresentava una bellezza dell\u2019est atipica visto i tratti somatici e le curve quasi mediterranee. La Badescu entr\u00f2 come in ciclone nella televisione italiana lavorando a fiction e programmi di successo, per poi diventare presenza fissa al Bagaglino. Ora fa la mamma a tempo pieno, anzi, \u00e8 incinta e ha ben 51 anni, complimenti!<\/p>\n<\/div>\n<div id=\"section-44\" class=\"omg-onepager-section total-paragraphs-1 fs-sec-used\">\n<h2>Tania Zamparo \u2013 47 anni<\/h2>\n<figure class=\"img-wrapper\"><img loading=\"lazy\" decoding=\"async\" class=\"alignnone size-full wp-image-31158\" src=\"https:\/\/fabpop.net\/wp-content\/uploads\/2021\/07\/Tania-Zamparo-%E2%80%93-45-anni.jpg\" sizes=\"(max-width: 728px) 100vw, 728px\" srcset=\"https:\/\/fabpop.net\/wp-content\/uploads\/2021\/07\/Tania-Zamparo-\u2013-45-anni.jpg 728w, https:\/\/fabpop.net\/wp-content\/uploads\/2021\/07\/Tania-Zamparo-\u2013-45-anni-300x200.jpg 300w\" alt=\"\" width=\"728\" height=\"485\" \/><\/figure>\n<p>Non c\u2019\u00e8 solo Diletta Leotta tra le giornaliste sportive italiane. Diletta \u00e8 bellissima e non ci sono dubbi, ma non dimentichiamoci di una ex Miss Italia che \u00e8 diventata giornalista sportiva e porta avanti il suo lavoro con grande professionalit\u00e0 ed efficienza. Stiamo ovviamente parlando di Tania Zamparo, la giornalista Sky che \u00e8 una delle conduttrici di punta di Sky Sport 24 e altri programmi sportivi della televisione di Murdoch. E questo pur mantenendo sempre la bellezza che le fece vincere il concorso allora.<\/p>\n<\/div>\n<div id=\"section-45\" class=\"omg-onepager-section total-paragraphs-1 fs-sec-used\">\n<h2>Silvia Toffanin \u2013 43 anni<\/h2>\n<figure class=\"img-wrapper\"><img loading=\"lazy\" decoding=\"async\" class=\"alignnone size-full wp-image-31157\" src=\"https:\/\/fabpop.net\/wp-content\/uploads\/2021\/07\/Silvia-Toffanin-%E2%80%93-41-anni.jpg\" sizes=\"(max-width: 728px) 100vw, 728px\" srcset=\"https:\/\/fabpop.net\/wp-content\/uploads\/2021\/07\/Silvia-Toffanin-\u2013-41-anni.jpg 728w, https:\/\/fabpop.net\/wp-content\/uploads\/2021\/07\/Silvia-Toffanin-\u2013-41-anni-300x200.jpg 300w\" alt=\"\" width=\"728\" height=\"485\" \/><\/figure>\n<p>Sembra che Silvia Toffanin e Piersilvio Berlusconi siano ai ferri corti, ma questa notizia che fa il giro del web da tantissimo tempo non sembra aver messo in discussione la carriera di Silvia, che \u00e8 ormai la signora Verissimo, una istituzione delle televisioni Mediaste. Silvia ha un particolare che tutti potete notare. Se mettete a confronto le sue foto da ragazza a quelle di oggi, sembra che per lei siano passati pochi anni, e qualche donna che non riesce a mantenersi cos\u00ec si potrebbe davvero ingelosire!<\/p>\n<\/div>\n<div id=\"section-46\" class=\"omg-onepager-section total-paragraphs-1 fs-sec-used\">\n<h2>Francesca Chillemi \u2013 37 anni<\/h2>\n<figure class=\"img-wrapper\"><img loading=\"lazy\" decoding=\"async\" class=\"alignnone size-full wp-image-31156\" src=\"https:\/\/fabpop.net\/wp-content\/uploads\/2021\/07\/Francesca-Chillemi-%E2%80%93-35-anni.jpg\" sizes=\"(max-width: 728px) 100vw, 728px\" srcset=\"https:\/\/fabpop.net\/wp-content\/uploads\/2021\/07\/Francesca-Chillemi-\u2013-35-anni.jpg 728w, https:\/\/fabpop.net\/wp-content\/uploads\/2021\/07\/Francesca-Chillemi-\u2013-35-anni-300x200.jpg 300w\" alt=\"\" width=\"728\" height=\"485\" \/><\/figure>\n<p>Francesca viene ricordata come una bellissima tra le belle. Ci sono infatti ben poche Miss Italia che hanno riscosso il successo di pubblico che ha riscosso Francesca, cos\u00ec come non tutte sono riuscite a portare avanti una carriera di successo come ha fatto e sta facendo lei. Francesca ha lavorato in alcune serie importantissime, come Carabinieri, e al fianco di alcuni mostri sacri del calibro di Luca Zingaretti e Gigi Proietti. Infine l\u2019abbiamo potuta apprezzare nella fiction Che Dio CI Aiuti, dove \u00e8 davvero simpaticissima!<\/p>\n<\/div>\n<div id=\"section-47\" class=\"omg-onepager-section total-paragraphs-1 fs-sec-used\">\n<h2>Elena Barolo \u2013 40 anni<\/h2>\n<figure class=\"img-wrapper\"><img loading=\"lazy\" decoding=\"async\" class=\"alignnone size-full wp-image-31155\" src=\"https:\/\/fabpop.net\/wp-content\/uploads\/2021\/07\/Elena-Barolo-%E2%80%93-38-anni.jpg\" sizes=\"(max-width: 728px) 100vw, 728px\" srcset=\"https:\/\/fabpop.net\/wp-content\/uploads\/2021\/07\/Elena-Barolo-\u2013-38-anni.jpg 728w, https:\/\/fabpop.net\/wp-content\/uploads\/2021\/07\/Elena-Barolo-\u2013-38-anni-300x200.jpg 300w\" alt=\"\" width=\"728\" height=\"485\" \/><\/figure>\n<p>Una carriera in lenta ma costante crescita quella di Elena Barolo, la ragazza col nome di un buon vino. Molti la ricorderanno come la velina bionda al fianco di Giorgia Palmas a Striscia la Notizia, dal 2002 al 2004. Elena ha poi anche lavorato come attrice nella serie di successo CentoVetrine e per seguire nella sitcom 7 Vite. Non solo questo, Elena ha anche avuto qualche ruolo cinematografico ma sta trovando la sua consacrazione come fashion blogger col suo \u201cAffashionate\u201d, dove si mostra in tutta la sua bellezza.<\/p>\n<p>&nbsp;<\/p>\n<p><!--nextpage--><\/p>\n<\/div>\n<div id=\"section-48\" class=\"omg-onepager-section total-paragraphs-1 fs-sec-used\">\n<h2>Edelfa Chiara Masciotta \u2013 39 anni<\/h2>\n<figure class=\"img-wrapper\"><img loading=\"lazy\" decoding=\"async\" class=\"alignnone size-full wp-image-31154\" src=\"https:\/\/fabpop.net\/wp-content\/uploads\/2021\/07\/Edelfa-Chiara-Masciotta.jpg\" sizes=\"(max-width: 728px) 100vw, 728px\" srcset=\"https:\/\/fabpop.net\/wp-content\/uploads\/2021\/07\/Edelfa-Chiara-Masciotta.jpg 728w, https:\/\/fabpop.net\/wp-content\/uploads\/2021\/07\/Edelfa-Chiara-Masciotta-300x200.jpg 300w\" alt=\"\" width=\"728\" height=\"485\" \/><\/figure>\n<p>Molti ricorderanno questa Miss Italia molto semplice, con un look acqua e sapone, che strapp\u00f2 la corona alle pretendenti nel 2005. Edelfa Chiara non \u00e8 mai stata una ragazza molto appariscente e l\u2019abbiamo vista davvero poco in televisione, visto che preferiva la sua famiglia e ha scelto di non perdere i suoi amici di sempre. Condusse paperissima Sprint nel 2007. Qualche anno fa ha avuto un brutto incidente d\u2019auto e ora mostra con orgoglio i segni sul volto ogni volta che viene intervistata in qualche trasmissione.<\/p>\n<\/div>\n<div id=\"section-49\" class=\"omg-onepager-section total-paragraphs-1 fs-sec-used\">\n<h2>Iva Zanicchi \u2013 83 anni<\/h2>\n<figure class=\"img-wrapper\"><img loading=\"lazy\" decoding=\"async\" class=\"alignnone size-full wp-image-31153\" src=\"https:\/\/fabpop.net\/wp-content\/uploads\/2021\/07\/Iva-Zanicchi-%E2%80%93-81-anni.jpg\" sizes=\"(max-width: 728px) 100vw, 728px\" srcset=\"https:\/\/fabpop.net\/wp-content\/uploads\/2021\/07\/Iva-Zanicchi-\u2013-81-anni.jpg 728w, https:\/\/fabpop.net\/wp-content\/uploads\/2021\/07\/Iva-Zanicchi-\u2013-81-anni-300x200.jpg 300w\" alt=\"\" width=\"728\" height=\"485\" \/><\/figure>\n<p>Quante cose ha fatto Iva nella sua lunga e fortunata carriera. Oggi gli anni sono 81 e sono passati tantissimi anni da quando la Zanicchi ha vinto il Festival di Sanremo con la sua famosa canzone Zingara. In realt\u00e0 lo vinse per ben due volte, la second nel 1974. Poco a poco poi divenne una presentatrice e tutti la ricordiamo alla conduzione di un programma amatissimo dal pubblico, Ok Il Prezzo \u00e8 Giusto. Oggi Iva ha pubblicato un nuovo singolo ed \u00e8 un\u2019amatissima opinionista televisiva.<\/p>\n<\/div>\n<div id=\"section-50\" class=\"omg-onepager-section total-paragraphs-1 fs-sec-used\">\n<h2>Manila Nazzaro \u2013 45 anni<\/h2>\n<figure class=\"img-wrapper\"><img loading=\"lazy\" decoding=\"async\" class=\"alignnone size-full wp-image-31152\" src=\"https:\/\/fabpop.net\/wp-content\/uploads\/2021\/07\/Manila-Nazzaro-%E2%80%93-44-anni.jpg\" sizes=\"(max-width: 728px) 100vw, 728px\" srcset=\"https:\/\/fabpop.net\/wp-content\/uploads\/2021\/07\/Manila-Nazzaro-\u2013-44-anni.jpg 728w, https:\/\/fabpop.net\/wp-content\/uploads\/2021\/07\/Manila-Nazzaro-\u2013-44-anni-300x200.jpg 300w\" alt=\"\" width=\"728\" height=\"485\" \/><\/figure>\n<p>Gli appassionati di calcio sicuramente ricordano Ciccio Cozza, il fantasista calabrese che per anni ha giocato nella sua amata Reggina. Ebbene Manila era proprio la moglie di Cozza, con il quale ha due figli. Si conobbero quando Manila vinse il titolo di Miss Italia. La Nazzaro ha lavorato molto anche come modella, ma ha prediletto sicuramente la televisione e il teatro, tanto da diventare una \u201cfissa\u201d del Bagaglino. Su Instagram si mostra ancora in grandissima forma grazie alle tante ore di palestra.<\/p>\n<\/div>\n<div id=\"section-51\" class=\"omg-onepager-section total-paragraphs-1 fs-sec-used\">\n<h2>Barbara De Rossi \u2013 62 anni<\/h2>\n<figure class=\"img-wrapper\"><img loading=\"lazy\" decoding=\"async\" class=\"alignnone size-full wp-image-31151\" src=\"https:\/\/fabpop.net\/wp-content\/uploads\/2021\/07\/Barbara-De-Rossi.jpg\" sizes=\"(max-width: 728px) 100vw, 728px\" srcset=\"https:\/\/fabpop.net\/wp-content\/uploads\/2021\/07\/Barbara-De-Rossi.jpg 728w, https:\/\/fabpop.net\/wp-content\/uploads\/2021\/07\/Barbara-De-Rossi-300x200.jpg 300w\" alt=\"\" width=\"728\" height=\"485\" \/><\/figure>\n<p>Barbara \u00e8 una donna splendida, ma come tutti gli esseri umani ha anche lei i suoi punti deboli. Non \u00e8 un segreto infatti che Barbara abbia un problema di sovrappeso da molti anni, che solo conoscendo se stessa \u00e8 riuscita a controllare. Racconta infatti di dover essere attentissima a tavola, perch\u00e9 ogni minimo errore le potrebbe costare caro. I risultati della sua disciplina si vedono e infatti a quasi 61 anni ha ancora un fisico invidiabile e una grande energia, per la gioia di suo marito Ricky Tognazzi.<\/p>\n<\/div>\n<div id=\"section-52\" class=\"omg-onepager-section total-paragraphs-1 fs-sec-used\">\n<h2>Giulia Montanarini \u2013 47 anni<\/h2>\n<figure class=\"img-wrapper\"><img loading=\"lazy\" decoding=\"async\" class=\"alignnone size-full wp-image-31150\" src=\"https:\/\/fabpop.net\/wp-content\/uploads\/2021\/07\/Giulia-Montanarini-%E2%80%93-45-anni.jpg\" sizes=\"(max-width: 728px) 100vw, 728px\" srcset=\"https:\/\/fabpop.net\/wp-content\/uploads\/2021\/07\/Giulia-Montanarini-\u2013-45-anni.jpg 728w, https:\/\/fabpop.net\/wp-content\/uploads\/2021\/07\/Giulia-Montanarini-\u2013-45-anni-300x200.jpg 300w\" alt=\"\" width=\"728\" height=\"485\" \/><\/figure>\n<p>Ne sono passati di anni da quando la Montanarini era una giovanissima tronista nel programma Maria De Filippi, eppure non sembrano esserne passati cos\u00ec tanti sul suo volto. Quale sar\u00e0 il suo segreto? Sicuramente il passato da nuotatrice professionista ha aiutato a scolpirne il fisico e le ha insegnato a gestire il suo corpo, sar\u00e0 senza dubbio esperta nell\u2019esercizio e nella dieta. Giulia non \u00e8 molto presente in televisione, ma quando la vediamo in qualche trasmissione fa ancora un\u2019ottima figura.<\/p>\n<p>&nbsp;<\/p>\n<p><!--nextpage--><\/p>\n<\/div>\n<div id=\"section-53\" class=\"omg-onepager-section total-paragraphs-1 fs-sec-used\">\n<h2>Valentina Persia \u2013 51 anni<\/h2>\n<figure class=\"img-wrapper\"><img loading=\"lazy\" decoding=\"async\" class=\"alignnone size-full wp-image-31149\" src=\"https:\/\/fabpop.net\/wp-content\/uploads\/2021\/07\/Valentina-Persia-%E2%80%93-49-anni.jpg\" sizes=\"(max-width: 728px) 100vw, 728px\" srcset=\"https:\/\/fabpop.net\/wp-content\/uploads\/2021\/07\/Valentina-Persia-\u2013-49-anni.jpg 728w, https:\/\/fabpop.net\/wp-content\/uploads\/2021\/07\/Valentina-Persia-\u2013-49-anni-300x200.jpg 300w\" alt=\"\" width=\"728\" height=\"485\" \/><\/figure>\n<p>Valentina Persia \u00e8 il classico caso in cui i reality aiutano a rilanciare la carriera di un\u2019attrice o di un personaggio televisivo in generale. Valentina era per molti la candidata numero uno alla vittoria dell\u2019Isola dei Famosi 2021, ma purtroppo per lei \u00e8 arrivata seconda, sfiorando la vittoria per un pelo. Poco male, la sua grinta e la sua onest\u00e0 l\u2019hanno resa uno dei personaggi pi\u00f9 positivi dell\u2019edizione di quest\u2019anno e la dieta forzata dell\u2019Isola ha contribuito a darle un fisico statuario che prima non aveva.<\/p>\n<\/div>\n<div id=\"section-54\" class=\"omg-onepager-section total-paragraphs-1 fs-sec-used\">\n<h2><strong>Myrta Merlino \u2013 54 anni<\/strong><\/h2>\n<figure class=\"img-wrapper\"><img loading=\"lazy\" decoding=\"async\" class=\"alignnone size-full wp-image-31669\" src=\"https:\/\/fabpop.net\/wp-content\/uploads\/2021\/07\/Myrta-Merlino.jpg\" sizes=\"(max-width: 728px) 100vw, 728px\" srcset=\"https:\/\/fabpop.net\/wp-content\/uploads\/2021\/07\/Myrta-Merlino.jpg 728w, https:\/\/fabpop.net\/wp-content\/uploads\/2021\/07\/Myrta-Merlino-300x200.jpg 300w\" alt=\"\" width=\"728\" height=\"485\" \/><\/figure>\n<p>Le Merlino ha una carriera professionale di tutto rispetto: ha 52 anni ed \u00e8 una nota conduttrice televisiva e giornalista ma anche ambasciatore dell\u2019Unicef. \u00a0Fidanzata da ben quattro anni con Marco Tardelli, oggi vive un periodo di equilibrio. \u00c8 ben nota la sua capacit\u00e0 giornalistica, ma anche di mediatrice quando ha condotto delle interviste importanti anche a livello politico con Silvio Berlusconi, con Carlo Azeglio Ciampi e personaggi di questo livello. Stiamo quindi parlando di una giornalista affermata nel suo lavoro. \u00a0Non si ferma solo livello televisivo ma prosegue anche sui quotidiani, dove pubblica spesso degli articoli.<\/p>\n<\/div>\n<div id=\"section-55\" class=\"omg-onepager-section total-paragraphs-1 fs-sec-used\">\n<h2><strong>Antonella Attili \u2013 60 anni<\/strong><\/h2>\n<figure class=\"img-wrapper\"><img loading=\"lazy\" decoding=\"async\" class=\"alignnone size-full wp-image-31670\" src=\"https:\/\/fabpop.net\/wp-content\/uploads\/2021\/07\/Antonella-Attili.jpg\" sizes=\"(max-width: 728px) 100vw, 728px\" srcset=\"https:\/\/fabpop.net\/wp-content\/uploads\/2021\/07\/Antonella-Attili.jpg 728w, https:\/\/fabpop.net\/wp-content\/uploads\/2021\/07\/Antonella-Attili-300x200.jpg 300w\" alt=\"\" width=\"728\" height=\"485\" \/><\/figure>\n<p>Grande attrice, che si definisce essere tale per vocazione, Antonella ha voluto mettere nel suo curriculum solo parti che le piacessero e comunque che le hanno dato una certa qualit\u00e0 recitativa. \u00a0\u00c8 stata la mamma di Tot\u00f2 in Nuovo Cinema Paradiso, uno dei film importanti della storia cinematografica italiana. \u00a0Ha 58 anni e ha un bel curriculum alle spalle arricchito da una bravura non da poco. Della sua vita privata in realt\u00e0 non sappiamo molto se non che sia mamma di due figli, maschio e femmina, ma che per il resto tiene molto riservate le sue vicende: abbiamo solo qualche fugace informazione da suo profilo Instagram,<\/p>\n<\/div>\n<div id=\"section-56\" class=\"omg-onepager-section total-paragraphs-1 fs-sec-used\">\n<h2><strong>Denny Andre\u00edna M\u00e9ndez \u2013 44 anni<\/strong><\/h2>\n<figure class=\"img-wrapper\"><img loading=\"lazy\" decoding=\"async\" class=\"alignnone size-full wp-image-31666\" src=\"https:\/\/fabpop.net\/wp-content\/uploads\/2021\/07\/Denny-Andreina-Mendez.jpg\" sizes=\"(max-width: 728px) 100vw, 728px\" srcset=\"https:\/\/fabpop.net\/wp-content\/uploads\/2021\/07\/Denny-Andreina-Mendez.jpg 728w, https:\/\/fabpop.net\/wp-content\/uploads\/2021\/07\/Denny-Andreina-Mendez-300x200.jpg 300w\" alt=\"\" width=\"728\" height=\"485\" \/><\/figure>\n<p>Quando nel 1996 Denny vinse la corona di Miss Italia, il Bel Paese si divise in due: alcuni gridavano allo scandalo per il colore della pelle della bella Denny e altri invece erano contenti che una bellezza pi\u00f9 esotica avesse vinto. Denny ha incominciato a fare l\u2019attrice, ma ad un certo punto \u00e8 scomparsa. La ritroviamo oggi negli Stati Uniti. \u00a0Ha 42 anni ed \u00e8 felicemente sposata con Oscar Generale che \u00e8 manager e produttore a Hollywood, per cui \u00e8 pi\u00f9 facile vederla in produzioni americane che italiane. Dopo un lungo percorso in cui Danny ha cercato una gravidanza, finalmente \u00e8rimasta incinta. Oggi vive felice in America e \u00a0ha raggiunto tutti gli obiettivi che volevo appunto<\/p>\n<\/div>\n<div id=\"section-57\" class=\"omg-onepager-section total-paragraphs-1 fs-sec-used\">\n<h2><strong>Barbara D\u2019Urso\u2013 66 anni<\/strong><\/h2>\n<figure class=\"img-wrapper\"><img loading=\"lazy\" decoding=\"async\" class=\"alignnone size-full wp-image-31668\" src=\"https:\/\/fabpop.net\/wp-content\/uploads\/2021\/07\/Barbara-DUrso-1.jpg\" sizes=\"(max-width: 728px) 100vw, 728px\" srcset=\"https:\/\/fabpop.net\/wp-content\/uploads\/2021\/07\/Barbara-DUrso-1.jpg 728w, https:\/\/fabpop.net\/wp-content\/uploads\/2021\/07\/Barbara-DUrso-1-300x200.jpg 300w\" alt=\"\" width=\"728\" height=\"485\" \/><\/figure>\n<p>Barbara \u00e8 attiva delle a livello televisivo da diversi decenni, ma chi avrebbe mai detto che superati i 60 anni avrebbe avuto il boom della sua carriera, quando solitamente succede il perfetto contrario? \u00a0Di solito invecchiando si ha un lento declino. Oggi forse la presentatrice, che fa pi\u00f9 ore all\u2019attivo in televisione \u00a0delle sue colleghe, conduce delle trasmissioni che sono molto amate e seguite dalla popolazione italiana. La sua forma \u00e8 sicuramente invidiabile, anche se lei stessa ammette di essersi sottoposta a qualche ritocchino. Questo suo aspetto grandioso \u00e8 dovuto anche \u00a0alla tipologia di vita sana che segue: pratica regolarmente pilates e ha una dieta equilibrata e bilanciata.<\/p>\n<\/div>\n<\/div>\n","protected":false},"excerpt":{"rendered":"<p>Rita Pavone \u2013 77 anni Sono gi\u00e0 75 candeline per Rita Pavone. Ce la ricordiamo saltellante e piena di energia sui palchi mentre cantava dei brani che sono passati poi&hellip;<\/p>\n","protected":false},"author":2,"featured_media":1203,"comment_status":"open","ping_status":"open","sticky":false,"template":"","format":"standard","meta":{"footnotes":""},"categories":[1],"tags":[],"class_list":["post-1202","post","type-post","status-publish","format-standard","has-post-thumbnail","hentry","category-uncategorized"],"_links":{"self":[{"href":"https:\/\/ilrid.org\/index.php?rest_route=\/wp\/v2\/posts\/1202","targetHints":{"allow":["GET"]}}],"collection":[{"href":"https:\/\/ilrid.org\/index.php?rest_route=\/wp\/v2\/posts"}],"about":[{"href":"https:\/\/ilrid.org\/index.php?rest_route=\/wp\/v2\/types\/post"}],"author":[{"embeddable":true,"href":"https:\/\/ilrid.org\/index.php?rest_route=\/wp\/v2\/users\/2"}],"replies":[{"embeddable":true,"href":"https:\/\/ilrid.org\/index.php?rest_route=%2Fwp%2Fv2%2Fcomments&post=1202"}],"version-history":[{"count":3,"href":"https:\/\/ilrid.org\/index.php?rest_route=\/wp\/v2\/posts\/1202\/revisions"}],"predecessor-version":[{"id":1210,"href":"https:\/\/ilrid.org\/index.php?rest_route=\/wp\/v2\/posts\/1202\/revisions\/1210"}],"wp:featuredmedia":[{"embeddable":true,"href":"https:\/\/ilrid.org\/index.php?rest_route=\/wp\/v2\/media\/1203"}],"wp:attachment":[{"href":"https:\/\/ilrid.org\/index.php?rest_route=%2Fwp%2Fv2%2Fmedia&parent=1202"}],"wp:term":[{"taxonomy":"category","embeddable":true,"href":"https:\/\/ilrid.org\/index.php?rest_route=%2Fwp%2Fv2%2Fcategories&post=1202"},{"taxonomy":"post_tag","embeddable":true,"href":"https:\/\/ilrid.org\/index.php?rest_route=%2Fwp%2Fv2%2Ftags&post=1202"}],"curies":[{"name":"wp","href":"https:\/\/api.w.org\/{rel}","templated":true}]}}